{"id":115247,"date":"2013-10-14T07:48:43","date_gmt":"2013-10-14T07:48:43","guid":{"rendered":"http:\/\/www.fuldaer-nachrichten.de\/?p=115247"},"modified":"2013-10-14T07:48:43","modified_gmt":"2013-10-14T07:48:43","slug":"kreisbevoelkerung-gewachsen-seit-1987-fast-30-000-einwohner-mehr","status":"publish","type":"post","link":"https:\/\/www.fuldaernachrichten.de\/?p=115247","title":{"rendered":"Kreisbev\u00f6lkerung gewachsen &#8211;  Seit 1987 fast 30.000 Einwohner mehr"},"content":{"rendered":"<p><img fetchpriority=\"high\" decoding=\"async\" class=\"alignleft size-thumbnail wp-image-115248\" alt=\"452-Kreisbev\u00f6lkerung gewachsen\" src=\"http:\/\/www.fuldaer-nachrichten.de\/wp-content\/uploads\/2013\/10\/452-Kreisbev\u00f6lkerung-gewachsen-265x344.jpg\" width=\"265\" height=\"344\" \/>Fulda. Zwischen der Volksz\u00e4hlung im Jahr 1987 und dem Zensus 2011 haben sich die Einwohnerzahlen stark ver\u00e4ndert. Erstmals nach 24 Jahren wurden mit dem Zensus wieder aktuelle Daten erhoben. Der Landkreis Fulda hat in diesem Zeitraum eine besondere Dynamik aufgewiesen und seine Bev\u00f6lkerungszahl um 15,3 Prozent oder 28.702 Personen auf 216.179 Einwohner gesteigert (Hessen: +8,4%). Er nimmt damit hinter dem Wetteraukreis im landesweiten Ranking Platz zwei ein. 49 Prozent der Einwohner im Landkreis sind Frauen und 51 Prozent M\u00e4nner. Nach Altersgruppen liegen die 18- bis 65j\u00e4hrigen mit 61,9 Prozent an der Spitze. Es folgen die \u00fcber 65j\u00e4hrigen mit 19,9 Prozent, vor den Sechs- bis 18j\u00e4hrigen mit 13,2 Prozent und den unter Sechsj\u00e4hrigen mit 5 Prozent.<\/p>\n","protected":false},"excerpt":{"rendered":"<div class=\"tmnf_excerpt\"><p>Fulda. Zwischen der Volksz\u00e4hlung im Jahr 1987 und dem Zensus 2011 haben sich die Einwohnerzahlen stark ver\u00e4ndert. Erstmals nach 24 Jahren wurden mit dem Zensus wieder aktuelle Daten erhoben. Der Landkreis Fulda hat in diesem Zeitraum eine besondere Dynamik aufgewiesen und seine Bev\u00f6lkerungszahl um 15,3 Prozent oder 28.702 Personen auf 216.179 Einwohner gesteigert (Hessen: +8,4%). &hellip;<\/p>\n<\/div>","protected":false},"author":1,"featured_media":0,"comment_status":"closed","ping_status":"closed","sticky":false,"template":"","format":"standard","meta":{"footnotes":""},"categories":[1],"tags":[],"class_list":["post-115247","post","type-post","status-publish","format-standard","hentry","category-startseite"],"_links":{"self":[{"href":"https:\/\/www.fuldaernachrichten.de\/index.php?rest_route=\/wp\/v2\/posts\/115247","targetHints":{"allow":["GET"]}}],"collection":[{"href":"https:\/\/www.fuldaernachrichten.de\/index.php?rest_route=\/wp\/v2\/posts"}],"about":[{"href":"https:\/\/www.fuldaernachrichten.de\/index.php?rest_route=\/wp\/v2\/types\/post"}],"author":[{"embeddable":true,"href":"https:\/\/www.fuldaernachrichten.de\/index.php?rest_route=\/wp\/v2\/users\/1"}],"replies":[{"embeddable":true,"href":"https:\/\/www.fuldaernachrichten.de\/index.php?rest_route=%2Fwp%2Fv2%2Fcomments&post=115247"}],"version-history":[{"count":1,"href":"https:\/\/www.fuldaernachrichten.de\/index.php?rest_route=\/wp\/v2\/posts\/115247\/revisions"}],"predecessor-version":[{"id":115249,"href":"https:\/\/www.fuldaernachrichten.de\/index.php?rest_route=\/wp\/v2\/posts\/115247\/revisions\/115249"}],"wp:attachment":[{"href":"https:\/\/www.fuldaernachrichten.de\/index.php?rest_route=%2Fwp%2Fv2%2Fmedia&parent=115247"}],"wp:term":[{"taxonomy":"category","embeddable":true,"href":"https:\/\/www.fuldaernachrichten.de\/index.php?rest_route=%2Fwp%2Fv2%2Fcategories&post=115247"},{"taxonomy":"post_tag","embeddable":true,"href":"https:\/\/www.fuldaernachrichten.de\/index.php?rest_route=%2Fwp%2Fv2%2Ftags&post=115247"}],"curies":[{"name":"wp","href":"https:\/\/api.w.org\/{rel}","templated":true}]}}