{"id":115245,"date":"2013-10-14T00:40:04","date_gmt":"2013-10-14T00:40:04","guid":{"rendered":"http:\/\/www.fuldaer-nachrichten.de\/?p=115245"},"modified":"2013-10-14T07:45:54","modified_gmt":"2013-10-14T07:45:54","slug":"tag-der-reservisten-2013-in-bad-hersfeld","status":"publish","type":"post","link":"https:\/\/www.fuldaernachrichten.de\/?p=115245","title":{"rendered":"Tag der Reservisten 2013 in Bad Hersfeld"},"content":{"rendered":"<p>Bad Hersfeld. Tu`was f\u00fcr Dein Land! \u2013 Das Motto des Reservistenverbandes wird von den osthessischen Soldaten der Reserve ehrenamtlich und vielseitig gelebt. Beim j\u00e4hrlichen Tag der Reservisten pr\u00e4sentierten sie Ihre Leistungsf\u00e4higkeit in Bad Hersfeld der \u00d6ffentlichkeit. F\u00fcr die Bundeswehr haben Reservisten nach Wegfall der Wehrpflicht eine steigende Bedeutung. Wer wei\u00df schon, dass jeder 8. Soldat im Auslandseinsatz ein Reservist ist? Bekannter sind dagegen die vielf\u00e4ltigen Unterst\u00fctzungsleistungen durch Reservisten bei Hochwasserkatastrophen. Auch die Aufstellung von zwei Kompanien Regionaler Sicherungs- und Unterst\u00fctzungskr\u00e4fte in Hessen sind ein Beleg f\u00fcr die Professionalit\u00e4t der Reserve und ihren Stellenwert in der Sicherheitsarchitektur unseres Landes.<!--more--><br \/>\nOberstleutnant d.R. Carsten Trinks bedankte sich f\u00fcr die Unterst\u00fctzung der Veranstaltung durch die st\u00e4dtischen Gremien und unterstrich das hohe Engagement der Reservisten und die Bedeutung ihres ehrenamtlichen Einsatzes f\u00fcr Frieden, Freiheit und Sicherheit.<\/p>\n<p>Herrlicher Sonnenschein, k\u00fchle Getr\u00e4nke und die schon legend\u00e4ren Erbsensuppe aus der Feldk\u00fcche schufen perfekte Voraussetzungen f\u00fcr einen Erlebnistag mit<br \/>\nder gesamten Familie \u2013 f\u00fcr alle war etwas dabei: Geboten wurde eine Leistungsschau vieler ehrenamtlich und hauptberuflich im Bereich der \u00f6ffentlichen Sicherheit t\u00e4tigen Partner, wie Polizei, THW, Feuerwehr, Deutsches Rotes Kreuz, Rettungshundestaffeln Fulda und Osthessen, DLRG sowie der Bundeswehr und der regionalen Reservistenkameradschaften. Zu Gast waren auch Partner aus den US-Streitkr\u00e4ften. Die Amerikaner zeigten eindrucksvolle Kampsport-Arrangements und zogen damit viele Zuschauer in ihren Bann. Musikalisch wurde der Tag der Reservisten von osthessischen Musikerinnen und Musikern des Reservistenmusikzugs Hessen und der Reservisten Big Band umrahmt.<\/p>\n<p>Im Ergebnis keine Spur von \u201efreundlichem Desinteresses\u201c \u2013 im Gegenteil: Bad Hersfeld zeigte auch 2013, dass \u00f6ffentliche Sicherheit ein interessantes<br \/>\nThemenfeld ist und viele Besucher anzieht.<\/p>\n","protected":false},"excerpt":{"rendered":"<div class=\"tmnf_excerpt\"><p>Bad Hersfeld. Tu`was f\u00fcr Dein Land! \u2013 Das Motto des Reservistenverbandes wird von den osthessischen Soldaten der Reserve ehrenamtlich und vielseitig gelebt. Beim j\u00e4hrlichen Tag der Reservisten pr\u00e4sentierten sie Ihre Leistungsf\u00e4higkeit in Bad Hersfeld der \u00d6ffentlichkeit. F\u00fcr die Bundeswehr haben Reservisten nach Wegfall der Wehrpflicht eine steigende Bedeutung. Wer wei\u00df schon, dass jeder 8. Soldat &hellip;<\/p>\n<\/div>","protected":false},"author":1,"featured_media":0,"comment_status":"closed","ping_status":"closed","sticky":false,"template":"","format":"standard","meta":{"footnotes":""},"categories":[1],"tags":[],"class_list":["post-115245","post","type-post","status-publish","format-standard","hentry","category-startseite"],"_links":{"self":[{"href":"https:\/\/www.fuldaernachrichten.de\/index.php?rest_route=\/wp\/v2\/posts\/115245","targetHints":{"allow":["GET"]}}],"collection":[{"href":"https:\/\/www.fuldaernachrichten.de\/index.php?rest_route=\/wp\/v2\/posts"}],"about":[{"href":"https:\/\/www.fuldaernachrichten.de\/index.php?rest_route=\/wp\/v2\/types\/post"}],"author":[{"embeddable":true,"href":"https:\/\/www.fuldaernachrichten.de\/index.php?rest_route=\/wp\/v2\/users\/1"}],"replies":[{"embeddable":true,"href":"https:\/\/www.fuldaernachrichten.de\/index.php?rest_route=%2Fwp%2Fv2%2Fcomments&post=115245"}],"version-history":[{"count":1,"href":"https:\/\/www.fuldaernachrichten.de\/index.php?rest_route=\/wp\/v2\/posts\/115245\/revisions"}],"predecessor-version":[{"id":115246,"href":"https:\/\/www.fuldaernachrichten.de\/index.php?rest_route=\/wp\/v2\/posts\/115245\/revisions\/115246"}],"wp:attachment":[{"href":"https:\/\/www.fuldaernachrichten.de\/index.php?rest_route=%2Fwp%2Fv2%2Fmedia&parent=115245"}],"wp:term":[{"taxonomy":"category","embeddable":true,"href":"https:\/\/www.fuldaernachrichten.de\/index.php?rest_route=%2Fwp%2Fv2%2Fcategories&post=115245"},{"taxonomy":"post_tag","embeddable":true,"href":"https:\/\/www.fuldaernachrichten.de\/index.php?rest_route=%2Fwp%2Fv2%2Ftags&post=115245"}],"curies":[{"name":"wp","href":"https:\/\/api.w.org\/{rel}","templated":true}]}}