{"id":115241,"date":"2013-10-14T07:39:35","date_gmt":"2013-10-14T07:39:35","guid":{"rendered":"http:\/\/www.fuldaer-nachrichten.de\/?p=115241"},"modified":"2013-10-14T07:39:35","modified_gmt":"2013-10-14T07:39:35","slug":"dioezesanseelsorger-fuer-trauernde-veroeffentlicht-trauerkarten","status":"publish","type":"post","link":"https:\/\/www.fuldaernachrichten.de\/?p=115241","title":{"rendered":"Di\u00f6zesanseelsorger f\u00fcr Trauernde ver\u00f6ffentlicht Trauerkarten"},"content":{"rendered":"<p><img decoding=\"async\" class=\"alignleft size-thumbnail wp-image-115242\" alt=\"4 Trauerkarten 2013\" src=\"http:\/\/www.fuldaer-nachrichten.de\/wp-content\/uploads\/2013\/10\/4-Trauerkarten-2013-265x174.jpg\" width=\"265\" height=\"174\" srcset=\"https:\/\/www.fuldaernachrichten.de\/wp-content\/uploads\/2013\/10\/4-Trauerkarten-2013-265x174.jpg 265w, https:\/\/www.fuldaernachrichten.de\/wp-content\/uploads\/2013\/10\/4-Trauerkarten-2013.jpg 600w\" sizes=\"(max-width: 265px) 100vw, 265px\" \/>Fulda. Der Tod eines Menschen kommt pl\u00f6tzlich, eine Karte soll oder muss geschrieben werden. \u201eAufrichtige Anteilnahme\u201c oder ein \u201efrommer Spruch\u201c, ein \u201eBibelzitat\u201c wird unterzeichnet mit &#8230;entbietet Familie XY. Wenig pers\u00f6nlich! Ein pers\u00f6nlicher Brief oder eine selbstgestaltete Karte zu schreiben f\u00e4llt vielen Menschen schwer. Deshalb hat Werner Gutheil aus dem Fundus seiner Arbeit aktuell zur Buchmesse vier Trauerkarten im Verlag Butzon und Bercker herausgeben, deren Textgedanken immer um die \u201eVerbindung zwischen dem Hinterbliebenen und seinem Verstorbenen\u201c kreist. \u201eDie Liebe bleibt \u2013 Die Liebe ist die Verbindung der Lebenden zu den Toten. Sie tr\u00f6stet und st\u00e4rkt in Zeiten des Schmerzes und\u00c2\u00a0 der Trauer. Sie l\u00e4sst darauf vertrauen, dass sich f\u00fcr die Verstorbenen der Himmel \u00f6ffnet und der Trauernde in Gottes Hand gehalten wird.\u201c<!--more--><\/p>\n<p>Vier Karten unter dem Titel \u201eDie Liebe bleibt\u201c, \u201eVerbundenheit\u201c, \u201eIn stiller Trauer\u201c und \u201eIn Gottes Hand\u201c sind sie \u00fcbers Internet: http:\/\/www.butzon-bercker.de\/de\/Karten\/Doppelkarten\/Trauer\/mit-Spruch.html beim Verlag Butzon und Bercker Telefon: 02832 \/ 929-0, Telefax: 02832 \/ 929-211, E-Mail: service@bube.de. Oder in gut sortierten Buchhandlungen. Die Karten kosten 2.25 \u00e2\u201a\u00ac zzgl. Versandkosten. Zum Auftakt der Ver\u00f6ffentlichung der Karten k\u00f6nnen im 4er Set zum Preis von 8 \u00e2\u201a\u00ac zzgl. 1,80 Versandkosten bestellt werden\u00c2\u00a0 im B\u00fcro f\u00fcr Trauerarbeit im Bistum Fulda,\u00c2\u00a0 Rh\u00f6nstra\u00dfe 8, 63 450 Hanau, Tel. 06181-42 898 44, Fax: 06181- 42 898 55 oder per E-Mail info@Trauern-warum-allein.de . Eingesehen werden k\u00f6nnen die Karten auf der Homepage www.trauern-warum-allein.de<\/p>\n","protected":false},"excerpt":{"rendered":"<div class=\"tmnf_excerpt\"><p>Fulda. Der Tod eines Menschen kommt pl\u00f6tzlich, eine Karte soll oder muss geschrieben werden. \u201eAufrichtige Anteilnahme\u201c oder ein \u201efrommer Spruch\u201c, ein \u201eBibelzitat\u201c wird unterzeichnet mit &#8230;entbietet Familie XY. Wenig pers\u00f6nlich! Ein pers\u00f6nlicher Brief oder eine selbstgestaltete Karte zu schreiben f\u00e4llt vielen Menschen schwer. Deshalb hat Werner Gutheil aus dem Fundus seiner Arbeit aktuell zur Buchmesse &hellip;<\/p>\n<\/div>","protected":false},"author":1,"featured_media":0,"comment_status":"closed","ping_status":"closed","sticky":false,"template":"","format":"standard","meta":{"footnotes":""},"categories":[1],"tags":[],"class_list":["post-115241","post","type-post","status-publish","format-standard","hentry","category-startseite"],"_links":{"self":[{"href":"https:\/\/www.fuldaernachrichten.de\/index.php?rest_route=\/wp\/v2\/posts\/115241","targetHints":{"allow":["GET"]}}],"collection":[{"href":"https:\/\/www.fuldaernachrichten.de\/index.php?rest_route=\/wp\/v2\/posts"}],"about":[{"href":"https:\/\/www.fuldaernachrichten.de\/index.php?rest_route=\/wp\/v2\/types\/post"}],"author":[{"embeddable":true,"href":"https:\/\/www.fuldaernachrichten.de\/index.php?rest_route=\/wp\/v2\/users\/1"}],"replies":[{"embeddable":true,"href":"https:\/\/www.fuldaernachrichten.de\/index.php?rest_route=%2Fwp%2Fv2%2Fcomments&post=115241"}],"version-history":[{"count":2,"href":"https:\/\/www.fuldaernachrichten.de\/index.php?rest_route=\/wp\/v2\/posts\/115241\/revisions"}],"predecessor-version":[{"id":115244,"href":"https:\/\/www.fuldaernachrichten.de\/index.php?rest_route=\/wp\/v2\/posts\/115241\/revisions\/115244"}],"wp:attachment":[{"href":"https:\/\/www.fuldaernachrichten.de\/index.php?rest_route=%2Fwp%2Fv2%2Fmedia&parent=115241"}],"wp:term":[{"taxonomy":"category","embeddable":true,"href":"https:\/\/www.fuldaernachrichten.de\/index.php?rest_route=%2Fwp%2Fv2%2Fcategories&post=115241"},{"taxonomy":"post_tag","embeddable":true,"href":"https:\/\/www.fuldaernachrichten.de\/index.php?rest_route=%2Fwp%2Fv2%2Ftags&post=115241"}],"curies":[{"name":"wp","href":"https:\/\/api.w.org\/{rel}","templated":true}]}}