{"id":115235,"date":"2013-10-14T07:35:42","date_gmt":"2013-10-14T07:35:42","guid":{"rendered":"http:\/\/www.fuldaer-nachrichten.de\/?p=115235"},"modified":"2013-10-14T07:35:42","modified_gmt":"2013-10-14T07:35:42","slug":"ausstellung-bemerkenswert-startete-bis-anfang-nov-im-rhoenenergie-haus","status":"publish","type":"post","link":"https:\/\/www.fuldaernachrichten.de\/?p=115235","title":{"rendered":"Ausstellung \u201eBemerkenswert\u201c startete \u2013 bis Anfang Nov. im Rh\u00f6nEnergie-Haus"},"content":{"rendered":"<p><b><img decoding=\"async\" class=\"alignleft size-thumbnail wp-image-115236\" alt=\"zu 77-cs_Bemerkenswert_K\u00fcnstler_pr\u00e4sentieren_sich\" src=\"http:\/\/www.fuldaer-nachrichten.de\/wp-content\/uploads\/2013\/10\/zu-77-cs_Bemerkenswert_K\u00fcnstler_pr\u00e4sentieren_sich-265x143.jpg\" width=\"265\" height=\"143\" \/>Fulda (cif).<\/b> Volles Haus \u2013 das Kundenzentrum der Rh\u00f6nEnergie Fulda an der Bahnhofstra\u00dfe war gut gef\u00fcllt, als im Rahmen einer kleinen Vernissage die Ausstellung \u201eBemerkenswert\u201c mit Kunst von Menschen mit Behinderung er\u00f6ffnet wurde. In der Ausstellung, die bis Anfang November l\u00e4uft, werden 50 Werke von 50 K\u00fcnstlern gezeigt \u2013 Menschen, die von der Caritas beziehungsweise der Lebenshilfe betreut werden und in mehreren Gruppen gemeinsam ihrem Freizeithobby, der Kunst nachgehen.<!--more--><\/p>\n<p>Nach der Begr\u00fc\u00dfung durch Dipl.-Ing. Christoph Hau, als Leiter des Kundenzentrums der Rh\u00f6nEnergie gewisserma\u00dfen der Gastgeber des Abends,\u00c2\u00a0\u00c2\u00a0 sprach Caritas-Vorstandsmitglied Malte Crome. Er unterstrich, dass der Titel der Ausstellung \u201eBemerkenswert\u201c sehr passend sei angesichts der interessanten und ausdrucksstarken Werke, die nun f\u00fcr einige Wochen in Fuldas City pr\u00e4sentiert w\u00fcrden. F\u00fcr die Lebenshilfe sprachen von deren Vorstand Wolfgang Benndorf und Luzie Nitsche-Goldbach, welche die Intention der Arbeit der Lebenshilfe zur Unterst\u00fctzung behinderter Menschen und ihrer Familien bei der Gestaltung eines selbstbestimmten Lebens darlegten.<\/p>\n<p>Zu einem selbstgestalteten Leben geh\u00f6rte eben auch die Freizeit, daher habe man mit FarbKlekse die Kunstt\u00e4tigkeit der Menschen mit Behinderung auch bei der Lebenshilfe ins Angebot aufgenommen und dabei dankbar auch auf die M\u00f6glichkeit einer Kooperation mit der Caritas und ihrer KullerArt zur\u00fcckgegriffen: Insgesamt f\u00fcnf K\u00fcnstlergruppen nutzen jetzt das Atelier im Haus der Caritas in der Fuldaer Ratgarstra\u00dfe und werden dabei einheitlich von der Dipl.-Kunsttherapeutin Nicole K\u00fcmmel betreut.<\/p>\n<p>Nach einem kurzen Film, der Impressionen zeigte, wie die K\u00fcnstler im Atelier t\u00e4tig sind, rief Nicole K\u00fcmmel \u2013 den offiziellen Teil der Vernissage abschlie\u00dfend \u2013 schlie\u00dflich alle K\u00fcnstler vor das Publikum und stellte sie nacheinander namentlich vor. Der Er\u00f6ffnungsabend von \u201eBemerkenswert\u201c klang aus mit einem Gang aller Anwesenden durch die Ausstellung und regem Austausch \u00fcber die gezeigten Bilder.<\/p>\n","protected":false},"excerpt":{"rendered":"<div class=\"tmnf_excerpt\"><p>Fulda (cif). Volles Haus \u2013 das Kundenzentrum der Rh\u00f6nEnergie Fulda an der Bahnhofstra\u00dfe war gut gef\u00fcllt, als im Rahmen einer kleinen Vernissage die Ausstellung \u201eBemerkenswert\u201c mit Kunst von Menschen mit Behinderung er\u00f6ffnet wurde. In der Ausstellung, die bis Anfang November l\u00e4uft, werden 50 Werke von 50 K\u00fcnstlern gezeigt \u2013 Menschen, die von der Caritas beziehungsweise &hellip;<\/p>\n<\/div>","protected":false},"author":1,"featured_media":0,"comment_status":"closed","ping_status":"closed","sticky":false,"template":"","format":"standard","meta":{"footnotes":""},"categories":[1],"tags":[],"class_list":["post-115235","post","type-post","status-publish","format-standard","hentry","category-startseite"],"_links":{"self":[{"href":"https:\/\/www.fuldaernachrichten.de\/index.php?rest_route=\/wp\/v2\/posts\/115235","targetHints":{"allow":["GET"]}}],"collection":[{"href":"https:\/\/www.fuldaernachrichten.de\/index.php?rest_route=\/wp\/v2\/posts"}],"about":[{"href":"https:\/\/www.fuldaernachrichten.de\/index.php?rest_route=\/wp\/v2\/types\/post"}],"author":[{"embeddable":true,"href":"https:\/\/www.fuldaernachrichten.de\/index.php?rest_route=\/wp\/v2\/users\/1"}],"replies":[{"embeddable":true,"href":"https:\/\/www.fuldaernachrichten.de\/index.php?rest_route=%2Fwp%2Fv2%2Fcomments&post=115235"}],"version-history":[{"count":1,"href":"https:\/\/www.fuldaernachrichten.de\/index.php?rest_route=\/wp\/v2\/posts\/115235\/revisions"}],"predecessor-version":[{"id":115237,"href":"https:\/\/www.fuldaernachrichten.de\/index.php?rest_route=\/wp\/v2\/posts\/115235\/revisions\/115237"}],"wp:attachment":[{"href":"https:\/\/www.fuldaernachrichten.de\/index.php?rest_route=%2Fwp%2Fv2%2Fmedia&parent=115235"}],"wp:term":[{"taxonomy":"category","embeddable":true,"href":"https:\/\/www.fuldaernachrichten.de\/index.php?rest_route=%2Fwp%2Fv2%2Fcategories&post=115235"},{"taxonomy":"post_tag","embeddable":true,"href":"https:\/\/www.fuldaernachrichten.de\/index.php?rest_route=%2Fwp%2Fv2%2Ftags&post=115235"}],"curies":[{"name":"wp","href":"https:\/\/api.w.org\/{rel}","templated":true}]}}