{"id":115230,"date":"2013-10-14T07:25:38","date_gmt":"2013-10-14T07:25:38","guid":{"rendered":"http:\/\/www.fuldaer-nachrichten.de\/?p=115230"},"modified":"2013-10-14T07:25:38","modified_gmt":"2013-10-14T07:25:38","slug":"das-weihnachtsoratorium-zwei-mal-im-fuldaer-dom","status":"publish","type":"post","link":"https:\/\/www.fuldaernachrichten.de\/?p=115230","title":{"rendered":"Das Weihnachtsoratorium zwei Mal im Fuldaer Dom"},"content":{"rendered":"<p>Fulda. Gleich zwei Mal ist in diesem Jahr im Fuldaer Dom das Weihnachtsoratorium Kantaten I bis III von Johann Sebastian Bach (1685-1750) zu h\u00f6ren. Dem gro\u00dfen Domkonzert am Samstag, 28. Dezember um 20.00 Uhr mit den Kantaten I bis III schicken der Domchor Fulda und der JugendKathedralChor Fulda um 16.00 Uhr ein Konzert voraus, das Bachs popul\u00e4res Werk in einer f\u00fcr Kinder eingerichteten und szenisch dargestellten Fassung pr\u00e4sentiert. Dauer: etwa 50 Minuten, f\u00fcr Kinder von 6 bis 12 Jahren geeignet.<!--more--><\/p>\n<p>Eingewoben in eine abwechslungsreiche Erz\u00e4hlung der Weihnachtsgeschichte h\u00f6ren die jungen Zuh\u00f6rer Originalst\u00fccke aus dem Weihnachtsoratorium. Humorvoll geht es dabei zu, wenn Erz\u00e4hler Michael Gusenbauer, als Hirte verkleidet, den Kindern spielerisch Bachs Musik nahe bringt und die Instrumente des Orchesters vorstellt.<\/p>\n<p>\u201eVor ziemlich langer Zeit hat ein Komponist, also jemand, der Musik schreibt, sich so \u00fcber das Christkind gefreut, dass er uns die Geschichte noch einmal in seiner Musik erz\u00e4hlen wollte. Und diese Musik ist so wundersch\u00f6n, dass man sie heute noch oft zu Weihnachten spielt. Die Geschichte beginnt auf einem Feld, in der Nacht \u00e2\u20ac\u00a6\u201c<\/p>\n<p>Es musizieren unter der Leitung von Domkapellmeister Franz-Peter Huber die Gesangssolisten Katja Stuber (Sopran), Franziska Gottwald (Alt), Hans J\u00f6rg Mammel (Tenor) und Thilo Dahlmann (Bass) zusammen mit dem Orchester L\u00e2\u20ac\u2122arpa festante, M\u00fcnchen und den Ch\u00f6ren am Fuldaer Dom.<\/p>\n<p>Eintrittskarten sind im Vorverkauf ab dem 11. November 2013 sowohl im Sekretariat der Ch\u00f6re am Fuldaer Dom, Eduard-Schick-Platz 3, Tel. 0661\/87-390, e-mail: <a href=\"mailto:choere-am-dom@bistum-fulda.de\">choere-am-dom@bistum-fulda.de<\/a>, in der Buchhandlung am Dom, Domdechanei 2 und in der Gesch\u00e4ftsstelle der Fuldaer Zeitung, Peterstor 18 erh\u00e4ltlich.<\/p>\n<p><b><span style=\"text-decoration: underline;\">Eintrittspreise:<\/span><\/b><\/p>\n<p><b>Kinderkonzert, 28.12.2013, 16.00 Uhr: 8,00 \u00e2\u201a\u00ac (Kinder bis 12 Jahre 4,00 \u00e2\u201a\u00ac)<br \/>\nDomkonzert, 28.12.2013, 20.00 Uhr: 7,00 \u00e2\u201a\u00ac bis 18,00 \u00e2\u201a\u00ac (je nach Kategorie)<\/b><\/p>\n<p>&nbsp;<\/p>\n<p>&nbsp;<\/p>\n<p>&nbsp;<\/p>\n","protected":false},"excerpt":{"rendered":"<div class=\"tmnf_excerpt\"><p>Fulda. Gleich zwei Mal ist in diesem Jahr im Fuldaer Dom das Weihnachtsoratorium Kantaten I bis III von Johann Sebastian Bach (1685-1750) zu h\u00f6ren. Dem gro\u00dfen Domkonzert am Samstag, 28. Dezember um 20.00 Uhr mit den Kantaten I bis III schicken der Domchor Fulda und der JugendKathedralChor Fulda um 16.00 Uhr ein Konzert voraus, das &hellip;<\/p>\n<\/div>","protected":false},"author":1,"featured_media":0,"comment_status":"closed","ping_status":"closed","sticky":false,"template":"","format":"standard","meta":{"footnotes":""},"categories":[1],"tags":[],"class_list":["post-115230","post","type-post","status-publish","format-standard","hentry","category-startseite"],"_links":{"self":[{"href":"https:\/\/www.fuldaernachrichten.de\/index.php?rest_route=\/wp\/v2\/posts\/115230","targetHints":{"allow":["GET"]}}],"collection":[{"href":"https:\/\/www.fuldaernachrichten.de\/index.php?rest_route=\/wp\/v2\/posts"}],"about":[{"href":"https:\/\/www.fuldaernachrichten.de\/index.php?rest_route=\/wp\/v2\/types\/post"}],"author":[{"embeddable":true,"href":"https:\/\/www.fuldaernachrichten.de\/index.php?rest_route=\/wp\/v2\/users\/1"}],"replies":[{"embeddable":true,"href":"https:\/\/www.fuldaernachrichten.de\/index.php?rest_route=%2Fwp%2Fv2%2Fcomments&post=115230"}],"version-history":[{"count":1,"href":"https:\/\/www.fuldaernachrichten.de\/index.php?rest_route=\/wp\/v2\/posts\/115230\/revisions"}],"predecessor-version":[{"id":115231,"href":"https:\/\/www.fuldaernachrichten.de\/index.php?rest_route=\/wp\/v2\/posts\/115230\/revisions\/115231"}],"wp:attachment":[{"href":"https:\/\/www.fuldaernachrichten.de\/index.php?rest_route=%2Fwp%2Fv2%2Fmedia&parent=115230"}],"wp:term":[{"taxonomy":"category","embeddable":true,"href":"https:\/\/www.fuldaernachrichten.de\/index.php?rest_route=%2Fwp%2Fv2%2Fcategories&post=115230"},{"taxonomy":"post_tag","embeddable":true,"href":"https:\/\/www.fuldaernachrichten.de\/index.php?rest_route=%2Fwp%2Fv2%2Ftags&post=115230"}],"curies":[{"name":"wp","href":"https:\/\/api.w.org\/{rel}","templated":true}]}}