{"id":115202,"date":"2013-10-12T00:13:42","date_gmt":"2013-10-12T00:13:42","guid":{"rendered":"http:\/\/www.fuldaer-nachrichten.de\/?p=115202"},"modified":"2013-10-12T08:36:32","modified_gmt":"2013-10-12T08:36:32","slug":"115202","status":"publish","type":"post","link":"https:\/\/www.fuldaernachrichten.de\/?p=115202","title":{"rendered":"&#8220;F\u00f6rdernde Mitglieder\u201c im Fuldaer Freundeskreis St. Bonifatius?"},"content":{"rendered":"<p><img decoding=\"async\" class=\"alignleft size-thumbnail wp-image-115204\" alt=\"DSC_0012\" src=\"http:\/\/www.fuldaer-nachrichten.de\/wp-content\/uploads\/2013\/10\/DSC_0012-265x176.jpg\" width=\"265\" height=\"176\" srcset=\"https:\/\/www.fuldaernachrichten.de\/wp-content\/uploads\/2013\/10\/DSC_0012-265x176.jpg 265w, https:\/\/www.fuldaernachrichten.de\/wp-content\/uploads\/2013\/10\/DSC_0012.jpg 600w\" sizes=\"(max-width: 265px) 100vw, 265px\" \/>Fulda (dk). Wird der Fuldaer Freundeskreis St. Bonifatius k\u00fcnftig auch ,,f\u00f6rdernde Mitglieder\u201c aufnehmen? Dar\u00fcber diskutierte die Mitgliederversammlung im Kolpinghaus. Der Vorstand mit Pr\u00e4sident Winfried Rippert wurde beauftragt, den Vorschlag mehrerer Mitglieder zu pr\u00fcfen. Die M\u00e4nner des Freundeskreises f\u00fchlen sich der katholischen Soziallehre verpflichtet, sie unterst\u00fctzen soziale, kirchliche und kulturelle Projekte in der Region Fulda sowie im Ausland. Das christlich-abendl\u00e4ndische Denken ihres Patrons ist den Mitgliedern nach eigenen Aussagen ein erstrebenswertes Vorbild. \/ Fotos: Uli Beinhauer<\/p>\n","protected":false},"excerpt":{"rendered":"<div class=\"tmnf_excerpt\"><p>Fulda (dk). Wird der Fuldaer Freundeskreis St. Bonifatius k\u00fcnftig auch ,,f\u00f6rdernde Mitglieder\u201c aufnehmen? Dar\u00fcber diskutierte die Mitgliederversammlung im Kolpinghaus. Der Vorstand mit Pr\u00e4sident Winfried Rippert wurde beauftragt, den Vorschlag mehrerer Mitglieder zu pr\u00fcfen. Die M\u00e4nner des Freundeskreises f\u00fchlen sich der katholischen Soziallehre verpflichtet, sie unterst\u00fctzen soziale, kirchliche und kulturelle Projekte in der Region Fulda sowie &hellip;<\/p>\n<\/div>","protected":false},"author":1,"featured_media":0,"comment_status":"closed","ping_status":"closed","sticky":false,"template":"","format":"standard","meta":{"footnotes":""},"categories":[1],"tags":[],"class_list":["post-115202","post","type-post","status-publish","format-standard","hentry","category-startseite"],"_links":{"self":[{"href":"https:\/\/www.fuldaernachrichten.de\/index.php?rest_route=\/wp\/v2\/posts\/115202","targetHints":{"allow":["GET"]}}],"collection":[{"href":"https:\/\/www.fuldaernachrichten.de\/index.php?rest_route=\/wp\/v2\/posts"}],"about":[{"href":"https:\/\/www.fuldaernachrichten.de\/index.php?rest_route=\/wp\/v2\/types\/post"}],"author":[{"embeddable":true,"href":"https:\/\/www.fuldaernachrichten.de\/index.php?rest_route=\/wp\/v2\/users\/1"}],"replies":[{"embeddable":true,"href":"https:\/\/www.fuldaernachrichten.de\/index.php?rest_route=%2Fwp%2Fv2%2Fcomments&post=115202"}],"version-history":[{"count":4,"href":"https:\/\/www.fuldaernachrichten.de\/index.php?rest_route=\/wp\/v2\/posts\/115202\/revisions"}],"predecessor-version":[{"id":115209,"href":"https:\/\/www.fuldaernachrichten.de\/index.php?rest_route=\/wp\/v2\/posts\/115202\/revisions\/115209"}],"wp:attachment":[{"href":"https:\/\/www.fuldaernachrichten.de\/index.php?rest_route=%2Fwp%2Fv2%2Fmedia&parent=115202"}],"wp:term":[{"taxonomy":"category","embeddable":true,"href":"https:\/\/www.fuldaernachrichten.de\/index.php?rest_route=%2Fwp%2Fv2%2Fcategories&post=115202"},{"taxonomy":"post_tag","embeddable":true,"href":"https:\/\/www.fuldaernachrichten.de\/index.php?rest_route=%2Fwp%2Fv2%2Ftags&post=115202"}],"curies":[{"name":"wp","href":"https:\/\/api.w.org\/{rel}","templated":true}]}}