{"id":115198,"date":"2013-10-12T00:14:34","date_gmt":"2013-10-12T00:14:34","guid":{"rendered":"http:\/\/www.fuldaer-nachrichten.de\/?p=115198"},"modified":"2013-10-12T08:24:08","modified_gmt":"2013-10-12T08:24:08","slug":"auszubildende-verwaltungsfachangestellte-stellen-umfrage-im-landratsamt-vor","status":"publish","type":"post","link":"https:\/\/www.fuldaernachrichten.de\/?p=115198","title":{"rendered":"Auszubildende Verwaltungsfachangestellte stellen Umfrage im Landratsamt vor"},"content":{"rendered":"<div id=\"attachment_115199\" style=\"width: 610px\" class=\"wp-caption alignleft\"><img fetchpriority=\"high\" decoding=\"async\" aria-describedby=\"caption-attachment-115199\" class=\"size-full wp-image-115199\" alt=\"Sch\u00fclerinnen und Sch\u00fcler der Vogelsbergschule Lauterbach (Auszubildende in \u00f6ffentlichen Verwaltungen) stellten im Lauterbacher Kreishaus eine Umfrage zur Attraktivit\u00e4t des Berufs \u201eVerwaltungsfachangestellte\u201c vor.  Foto: Vogelsbergschule Lauterbach\" src=\"http:\/\/www.fuldaer-nachrichten.de\/wp-content\/uploads\/2013\/10\/AK-Schule-Verwaltung.jpg\" width=\"600\" height=\"151\" srcset=\"https:\/\/www.fuldaernachrichten.de\/wp-content\/uploads\/2013\/10\/AK-Schule-Verwaltung.jpg 600w, https:\/\/www.fuldaernachrichten.de\/wp-content\/uploads\/2013\/10\/AK-Schule-Verwaltung-265x66.jpg 265w\" sizes=\"(max-width: 600px) 100vw, 600px\" \/><p id=\"caption-attachment-115199\" class=\"wp-caption-text\">Sch\u00fclerinnen und Sch\u00fcler der Vogelsbergschule Lauterbach (Auszubildende in \u00f6ffentlichen Verwaltungen) stellten im Lauterbacher Kreishaus eine Umfrage zur Attraktivit\u00e4t des Berufs \u201eVerwaltungsfachangestellte\u201c vor. Foto: Vogelsbergschule Lauterbach<\/p><\/div>\n<p>Lauterbach. Verwaltungsfachangestellter ist ein attraktiver Beruf \u2013 davon sind die Auszubildenden aus der Klasse 11 VERW der Vogelsbergschule Lauterbach \u00fcberzeugt. Vor Kurzem hatten sie Gelegenheit, eine von ihnen durchgef\u00fchrte Umfrage dem Arbeitskreis Schule und Verwaltung im Lauterbacher Landratsamt vorzustellen. In den kommenden Jahren werden in den Verwaltungen des Landkreises qualifizierte Nachwuchskr\u00e4fte gebraucht. Um daf\u00fcr das Interesse zu wecken, so das Ergebnis der Umfrage, m\u00fcssen Schulabg\u00e4ngerinnen und Schulabg\u00e4nger zun\u00e4chst einmal \u00fcber den vielseitigen Beruf informiert werden. Denn in einem Ranking von zehn Berufen landeten die Verwaltungsfachangestellten nur auf Platz sieben &#8211; ein f\u00fcr die Auszubildenden nicht nachvollziehbares Ergebnis.<!--more--><\/p>\n<p>Auch Antworten auf Fragen zu den T\u00e4tigkeiten einer \/ eines Verwaltungsfachangestellten lie\u00dfen eher Vorurteile erkennen als das, was die Auszubildenden t\u00e4glich in ihrer verantwortungsvollen Arbeit erleben, wie beispielsweise das Ausstellen von Personalausweisen, die Zulassung von Kraftfahrzeugen, das An-, Um- und Abmelden von Wohnsitzen oder die Mithilfe bei Wahlen. Die Vertreter der ausbildenden Beh\u00f6rden lobten ebenso wie die zust\u00e4ndige Abteilungsleiterin der Vogelsbergschule, Studiendirektorin Bettina Kreuzer, das Engagement der Auszubildenden. Gemeinsam will man nun Ma\u00dfnahmen zur Steigerung der Attraktivit\u00e4t dieses qualifizierten Ausbildungsberufs planen.<\/p>\n","protected":false},"excerpt":{"rendered":"<div class=\"tmnf_excerpt\"><p>Lauterbach. Verwaltungsfachangestellter ist ein attraktiver Beruf \u2013 davon sind die Auszubildenden aus der Klasse 11 VERW der Vogelsbergschule Lauterbach \u00fcberzeugt. Vor Kurzem hatten sie Gelegenheit, eine von ihnen durchgef\u00fchrte Umfrage dem Arbeitskreis Schule und Verwaltung im Lauterbacher Landratsamt vorzustellen. In den kommenden Jahren werden in den Verwaltungen des Landkreises qualifizierte Nachwuchskr\u00e4fte gebraucht. Um daf\u00fcr das &hellip;<\/p>\n<\/div>","protected":false},"author":1,"featured_media":0,"comment_status":"closed","ping_status":"closed","sticky":false,"template":"","format":"standard","meta":{"footnotes":""},"categories":[1],"tags":[],"class_list":["post-115198","post","type-post","status-publish","format-standard","hentry","category-startseite"],"_links":{"self":[{"href":"https:\/\/www.fuldaernachrichten.de\/index.php?rest_route=\/wp\/v2\/posts\/115198","targetHints":{"allow":["GET"]}}],"collection":[{"href":"https:\/\/www.fuldaernachrichten.de\/index.php?rest_route=\/wp\/v2\/posts"}],"about":[{"href":"https:\/\/www.fuldaernachrichten.de\/index.php?rest_route=\/wp\/v2\/types\/post"}],"author":[{"embeddable":true,"href":"https:\/\/www.fuldaernachrichten.de\/index.php?rest_route=\/wp\/v2\/users\/1"}],"replies":[{"embeddable":true,"href":"https:\/\/www.fuldaernachrichten.de\/index.php?rest_route=%2Fwp%2Fv2%2Fcomments&post=115198"}],"version-history":[{"count":1,"href":"https:\/\/www.fuldaernachrichten.de\/index.php?rest_route=\/wp\/v2\/posts\/115198\/revisions"}],"predecessor-version":[{"id":115201,"href":"https:\/\/www.fuldaernachrichten.de\/index.php?rest_route=\/wp\/v2\/posts\/115198\/revisions\/115201"}],"wp:attachment":[{"href":"https:\/\/www.fuldaernachrichten.de\/index.php?rest_route=%2Fwp%2Fv2%2Fmedia&parent=115198"}],"wp:term":[{"taxonomy":"category","embeddable":true,"href":"https:\/\/www.fuldaernachrichten.de\/index.php?rest_route=%2Fwp%2Fv2%2Fcategories&post=115198"},{"taxonomy":"post_tag","embeddable":true,"href":"https:\/\/www.fuldaernachrichten.de\/index.php?rest_route=%2Fwp%2Fv2%2Ftags&post=115198"}],"curies":[{"name":"wp","href":"https:\/\/api.w.org\/{rel}","templated":true}]}}