{"id":115193,"date":"2013-10-12T00:13:56","date_gmt":"2013-10-12T00:13:56","guid":{"rendered":"http:\/\/www.fuldaer-nachrichten.de\/?p=115193"},"modified":"2013-10-12T08:22:31","modified_gmt":"2013-10-12T08:22:31","slug":"schenken-tut-gut-1-150-e-fuer-katholische-nachbargemeinde","status":"publish","type":"post","link":"https:\/\/www.fuldaernachrichten.de\/?p=115193","title":{"rendered":"\u201eSchenken tut gut\u201c &#8211; 1.150  \u00e2\u201a\u00ac f\u00fcr katholische Nachbargemeinde"},"content":{"rendered":"<div id=\"attachment_115194\" style=\"width: 275px\" class=\"wp-caption alignleft\"><img fetchpriority=\"high\" decoding=\"async\" aria-describedby=\"caption-attachment-115194\" class=\"size-thumbnail wp-image-115194\" alt=\"v.l. Kirchenvorstand J\u00fcrgen D\u00fcrr, Pfarrer Stefan B\u00fcrger, Pfarrer Winfried Abel und die Sprecherin des Pfarrgemeinderats Ulrike Schmelz \/ Foto: Malte B\u00fcrger  \" src=\"http:\/\/www.fuldaer-nachrichten.de\/wp-content\/uploads\/2013\/10\/2_Andreas_Hand_quer-265x243.jpg\" width=\"265\" height=\"243\" srcset=\"https:\/\/www.fuldaernachrichten.de\/wp-content\/uploads\/2013\/10\/2_Andreas_Hand_quer-265x243.jpg 265w, https:\/\/www.fuldaernachrichten.de\/wp-content\/uploads\/2013\/10\/2_Andreas_Hand_quer.jpg 600w\" sizes=\"(max-width: 265px) 100vw, 265px\" \/><p id=\"caption-attachment-115194\" class=\"wp-caption-text\">v.l. Kirchenvorstand J\u00fcrgen D\u00fcrr, Pfarrer Stefan B\u00fcrger, Pfarrer Winfried Abel und die Sprecherin des Pfarrgemeinderats Ulrike Schmelz \/ Foto: Malte B\u00fcrger<\/p><\/div>\n<p>Fulda. Beim Einweihungsgottesdienst des Erweiterungsbaus der Evangelischen Kreuzkirche in Fulda-Neuenberg Ende August erbat die evangelische Gemeinde eine Kollekte f\u00fcr die katholische Nachbargemeinde St. Andreas. Wunderbare 1.150\u00c2\u00a0 \u00e2\u201a\u00ac konnten jetzt von Pfarrer Stefan B\u00fcrger an Pfarrer Winfried Abel \u00fcbergeben werden. \u201eIn der St. Andreaskirche steht eine umfangreiche Innenrenovierung an. Es war uns ein Anliegen aus guter \u00f6kumenischer Nachbarschaft heraus und weil wir selbst vielfach beschenkt wurden, ein klein wenig mitzuhelfen. Schenken tut gut\u201c, sagte Pfarrer B\u00fcrger.<\/p>\n","protected":false},"excerpt":{"rendered":"<div class=\"tmnf_excerpt\"><p>Fulda. Beim Einweihungsgottesdienst des Erweiterungsbaus der Evangelischen Kreuzkirche in Fulda-Neuenberg Ende August erbat die evangelische Gemeinde eine Kollekte f\u00fcr die katholische Nachbargemeinde St. Andreas. Wunderbare 1.150\u00c2\u00a0 \u00e2\u201a\u00ac konnten jetzt von Pfarrer Stefan B\u00fcrger an Pfarrer Winfried Abel \u00fcbergeben werden. \u201eIn der St. Andreaskirche steht eine umfangreiche Innenrenovierung an. Es war uns ein Anliegen aus guter &hellip;<\/p>\n<\/div>","protected":false},"author":1,"featured_media":0,"comment_status":"closed","ping_status":"closed","sticky":false,"template":"","format":"standard","meta":{"footnotes":""},"categories":[1],"tags":[],"class_list":["post-115193","post","type-post","status-publish","format-standard","hentry","category-startseite"],"_links":{"self":[{"href":"https:\/\/www.fuldaernachrichten.de\/index.php?rest_route=\/wp\/v2\/posts\/115193","targetHints":{"allow":["GET"]}}],"collection":[{"href":"https:\/\/www.fuldaernachrichten.de\/index.php?rest_route=\/wp\/v2\/posts"}],"about":[{"href":"https:\/\/www.fuldaernachrichten.de\/index.php?rest_route=\/wp\/v2\/types\/post"}],"author":[{"embeddable":true,"href":"https:\/\/www.fuldaernachrichten.de\/index.php?rest_route=\/wp\/v2\/users\/1"}],"replies":[{"embeddable":true,"href":"https:\/\/www.fuldaernachrichten.de\/index.php?rest_route=%2Fwp%2Fv2%2Fcomments&post=115193"}],"version-history":[{"count":3,"href":"https:\/\/www.fuldaernachrichten.de\/index.php?rest_route=\/wp\/v2\/posts\/115193\/revisions"}],"predecessor-version":[{"id":115197,"href":"https:\/\/www.fuldaernachrichten.de\/index.php?rest_route=\/wp\/v2\/posts\/115193\/revisions\/115197"}],"wp:attachment":[{"href":"https:\/\/www.fuldaernachrichten.de\/index.php?rest_route=%2Fwp%2Fv2%2Fmedia&parent=115193"}],"wp:term":[{"taxonomy":"category","embeddable":true,"href":"https:\/\/www.fuldaernachrichten.de\/index.php?rest_route=%2Fwp%2Fv2%2Fcategories&post=115193"},{"taxonomy":"post_tag","embeddable":true,"href":"https:\/\/www.fuldaernachrichten.de\/index.php?rest_route=%2Fwp%2Fv2%2Ftags&post=115193"}],"curies":[{"name":"wp","href":"https:\/\/api.w.org\/{rel}","templated":true}]}}