{"id":115187,"date":"2013-10-12T00:20:06","date_gmt":"2013-10-12T00:20:06","guid":{"rendered":"http:\/\/www.fuldaer-nachrichten.de\/?p=115187"},"modified":"2013-10-12T08:18:36","modified_gmt":"2013-10-12T08:18:36","slug":"tegut-laedchen-fuer-alles-fuer-nachhaltigkeitspreis-nominiert","status":"publish","type":"post","link":"https:\/\/www.fuldaernachrichten.de\/?p=115187","title":{"rendered":"\u201etegut\u00e2\u20ac\u00a6 L\u00e4dchen f\u00fcr alles\u201c &#8211; f\u00fcr Nachhaltigkeitspreis nominiert"},"content":{"rendered":"<p><img decoding=\"async\" class=\"alignleft size-thumbnail wp-image-115188\" alt=\"tegut... L\u00e4dchen f\u00fcr alles 1\" src=\"http:\/\/www.fuldaer-nachrichten.de\/wp-content\/uploads\/2013\/10\/tegut...-L\u00e4dchen-f\u00fcr-alles-1-265x176.jpg\" width=\"265\" height=\"176\" \/>Fulda. Die Auszeichnung des Netzwerk 21, dem bundesweiten Fortbildungs- und Netzwerkkongress f\u00fcr lokale Nachhaltigkeitsinitiativen, w\u00fcrdigt zukunftsf\u00e4hige Initiativen, die die Zeichen der Zeit erkannt haben. Dieser Nachhaltigkeitspreis wird von dem Bundesministerium f\u00fcr Umwelt, Naturschutz und Reaktorsicherheit sowie dem Umweltbundesamt gef\u00f6rdert. tegut\u00e2\u20ac\u00a6 war in der Kategorie Unternehmen nominiert und gratuliert dem Tr\u00e4ger des ZeitzeicheN 2013, der VfL Wolfsburg-Fu\u00dfball GmbH, die als weltweit erster Fu\u00dfballclub einen nach GRI gepr\u00fcften Nachhaltigkeitsbericht vorzuweisen hat.<!--more--><\/p>\n<p>tegut\u00e2\u20ac\u00a6 hat sich mit der Initiative \u201etegut\u00e2\u20ac\u00a6 L\u00e4dchen f\u00fcr alles\u201c beworben, da es auch Arbeitspl\u00e4tze f\u00fcr Menschen mit Handicap schafft. Somit stellt es eine besonders erfolgversprechende Verkn\u00fcpfung der d\u00f6rflichen Grundversorgung und der Integration von Menschen mit Handicap dar, denn der Lebensmittelhandel und die besonders kundenorientierte Konzeption ist daf\u00fcr sehr gut geeignet. So integriert tegut\u00e2\u20ac\u00a6 die Nachhaltigkeitsdimensionen \u00d6konomie, \u00d6kologie, Soziales, in dem Wertsch\u00f6pfung in den Gemeinden entsteht und somit diese zu lebenswerten R\u00e4umen macht.<\/p>\n<p>Auf dem siebten Netzwerk21Kongress in Stuttgart am 8. Oktober 2013 wurden die Preistr\u00e4ger geehrt. Baden-W\u00fcrttembergs Umweltminister Franz Untersteller er\u00f6ffnete die Veranstaltung mit den Laudatoren Marlehn Thieme, Vorsitzende des Rates f\u00fcr Nachhaltige Entwicklung, Prof. Hartmut Vogtmann, Pr\u00e4sident des Deutschen Naturschutzrings (DNR) und Dr. Dieter Salomon, Oberb\u00fcrgermeister der Stadt Freiburg im Breisgau.<\/p>\n<p>Am 9. Oktober fand dann der Nachhaltigkeitskongress statt. Knut John, tegut\u00e2\u20ac\u00a6 Betriebsleiter \u201eL\u00e4dchen f\u00fcr alles\u201c und Manuela Herz tegut\u00e2\u20ac\u00a6 Vertriebsberaterin \u201eL\u00e4dchen f\u00fcr alles\u201c gestalteten als eines der drei herausgestellten Unternehmen den Workshop \u201eDeutscher Nachhaltigkeitskodex \u2013 relevant f\u00fcr die ganze Gesellschaft\u201c mit. Die Vorzeigeunternehmen neben tegut\u00e2\u20ac\u00a6 waren Neumarkter Lammsbr\u00e4u, Gebr. Ehrnsperger KG und die Berliner Verkehrsbetriebe. Ausgetauscht wurde sich \u00fcber zuk\u00fcnftige Entwicklungen und Chancen Nachhaltigkeit im eigenen Unternehmen umzusetzen.<\/p>\n<p><strong>\u00dcber das \u201eL\u00e4dchen f\u00fcr alles\u201c \u2013 lebendig gewordene B\u00fcrgern\u00e4he<\/strong><\/p>\n<p>Das \u201etegut\u00e2\u20ac\u00a6 L\u00e4dchen f\u00fcr alles\u201c sichert die Grundversorgung und erh\u00e4lt die Lebensqualit\u00e4t in l\u00e4ndlichen R\u00e4umen und stadtnahen Wohnquartieren. In vielen D\u00f6rfern sind Lebensmittell\u00e4den l\u00e4ngst verschwunden. Das \u201etegut\u00e2\u20ac\u00a6 L\u00e4dchen f\u00fcr alles\u201c schafft Arbeitspl\u00e4tze, st\u00e4rkt die Dorfgemeinschaft und b\u00fcndelt vielf\u00e4ltige Angebote unter einem Dach. Es entwickeln sich Bildungs- und Gesundheitsangebote, hier begegnen sich die Menschen, ob jung oder alt. Jede Gemeinde gestaltet ihren neuen \u201eMarktplatz\u201c nach ihren Bed\u00fcrfnissen und W\u00fcnschen. Das \u201etegut\u00e2\u20ac\u00a6 L\u00e4dchen f\u00fcr alles\u201c schafft auch Arbeitspl\u00e4tze f\u00fcr Menschen mit Handicap. Somit stellt es eine besonders erfolgsversprechende Verkn\u00fcpfung der d\u00f6rflichen Grundversorgung und der Integration von Menschen mit Handicap dar, denn der Lebensmittelhandel und die besonders kundenorientierte Konzeption ist daf\u00fcr sehr gut geeignet.<\/p>\n<p><strong>\u00dcber tegut\u00e2\u20ac\u00a6<\/strong><br \/>\ntegut&#8230; gute Lebensmittel ist ein Handelsunternehmen mit dem Ziel, den Menschen gute Lebensmittel anzubieten. Mit rund 280 Lebensmittelm\u00e4rkten ist tegut&#8230; in Hessen, Th\u00fcringen, Nordbayern sowie G\u00f6ttingen und Mainz vertreten. Das Angebot genussvoll guter und \u00f6kologischer Lebensmittel, die es jedem erm\u00f6glichen, sich menschengem\u00e4\u00df zu ern\u00e4hren und zu entwickeln ist dem Unternehmen ein besonderes Anliegen. Frische Lebensmittel, regionaler Bezug und Aus- und Weiterbildungsm\u00f6glichkeiten der Mitarbeitenden f\u00fcr eine individuelle berufliche und pers\u00f6nliche Entwicklung stehen im Fokus der Arbeitsgemeinschaft tegut\u00e2\u20ac\u00a6<br \/>\nBereits 1982 hat tegut&#8230; damit begonnen, Bio-Produkte in das Sortiment aufzunehmen. Inzwischen f\u00fchren tegut&#8230; M\u00e4rkte \u00fcber 3.000 Bio-Produkte. Seit 2013 ist das tegut\u00e2\u20ac\u00a6 Handelsgesch\u00e4ft ein Teil der Genossenschaft Migros Z\u00fcrich. Insgesamt sind \u00fcber 5.200 Menschen in den M\u00e4rkten, den Logistikzentren und den Zentralen Diensten in Fulda f\u00fcr tegut&#8230; t\u00e4tig. Weitere Informationen finden Sie unter www.tegut.com oder unter www. facebook.com\/tegut<\/p>\n","protected":false},"excerpt":{"rendered":"<div class=\"tmnf_excerpt\"><p>Fulda. Die Auszeichnung des Netzwerk 21, dem bundesweiten Fortbildungs- und Netzwerkkongress f\u00fcr lokale Nachhaltigkeitsinitiativen, w\u00fcrdigt zukunftsf\u00e4hige Initiativen, die die Zeichen der Zeit erkannt haben. Dieser Nachhaltigkeitspreis wird von dem Bundesministerium f\u00fcr Umwelt, Naturschutz und Reaktorsicherheit sowie dem Umweltbundesamt gef\u00f6rdert. tegut\u00e2\u20ac\u00a6 war in der Kategorie Unternehmen nominiert und gratuliert dem Tr\u00e4ger des ZeitzeicheN 2013, der VfL &hellip;<\/p>\n<\/div>","protected":false},"author":1,"featured_media":0,"comment_status":"closed","ping_status":"closed","sticky":false,"template":"","format":"standard","meta":{"footnotes":""},"categories":[1,37],"tags":[],"class_list":["post-115187","post","type-post","status-publish","format-standard","hentry","category-startseite","category-essen-und-trinken"],"_links":{"self":[{"href":"https:\/\/www.fuldaernachrichten.de\/index.php?rest_route=\/wp\/v2\/posts\/115187","targetHints":{"allow":["GET"]}}],"collection":[{"href":"https:\/\/www.fuldaernachrichten.de\/index.php?rest_route=\/wp\/v2\/posts"}],"about":[{"href":"https:\/\/www.fuldaernachrichten.de\/index.php?rest_route=\/wp\/v2\/types\/post"}],"author":[{"embeddable":true,"href":"https:\/\/www.fuldaernachrichten.de\/index.php?rest_route=\/wp\/v2\/users\/1"}],"replies":[{"embeddable":true,"href":"https:\/\/www.fuldaernachrichten.de\/index.php?rest_route=%2Fwp%2Fv2%2Fcomments&post=115187"}],"version-history":[{"count":1,"href":"https:\/\/www.fuldaernachrichten.de\/index.php?rest_route=\/wp\/v2\/posts\/115187\/revisions"}],"predecessor-version":[{"id":115189,"href":"https:\/\/www.fuldaernachrichten.de\/index.php?rest_route=\/wp\/v2\/posts\/115187\/revisions\/115189"}],"wp:attachment":[{"href":"https:\/\/www.fuldaernachrichten.de\/index.php?rest_route=%2Fwp%2Fv2%2Fmedia&parent=115187"}],"wp:term":[{"taxonomy":"category","embeddable":true,"href":"https:\/\/www.fuldaernachrichten.de\/index.php?rest_route=%2Fwp%2Fv2%2Fcategories&post=115187"},{"taxonomy":"post_tag","embeddable":true,"href":"https:\/\/www.fuldaernachrichten.de\/index.php?rest_route=%2Fwp%2Fv2%2Ftags&post=115187"}],"curies":[{"name":"wp","href":"https:\/\/api.w.org\/{rel}","templated":true}]}}