{"id":115185,"date":"2013-10-12T00:10:56","date_gmt":"2013-10-12T00:10:56","guid":{"rendered":"http:\/\/www.fuldaer-nachrichten.de\/?p=115185"},"modified":"2013-10-12T08:12:27","modified_gmt":"2013-10-12T08:12:27","slug":"spezialitaeten-aus-dem-holzbackofen-lama-tour-englisch-camp","status":"publish","type":"post","link":"https:\/\/www.fuldaernachrichten.de\/?p=115185","title":{"rendered":"Spezialit\u00e4ten aus dem Holzbackofen, Lama-Tour &#038; Englisch-Camp"},"content":{"rendered":"<p>Wasserkuppe. Das Biosph\u00e4renreservat Rh\u00f6n bietet Ende Oktober folgende Veranstaltungen an:<!--more--><\/p>\n<p><b>\u201eWildschwein, Rh\u00f6nschaf, Spanferkel oder Pute aus dem Holzbackofen\u201c<\/b><\/p>\n<p>Der Biohof Gensler l\u00e4dt am Sonntag, 20.10.2013 von 18:00 bis 21:00 Uhr zu einem kulinarischen Erlebnis ein. Teilnehmer k\u00f6nnen Rh\u00f6ner Fleischspezialit\u00e4ten mit aromatischen Kr\u00e4utern gew\u00fcrzt und bei niedriger Temperatur im Holzbackofen gebraten genie\u00dfen. Weitere Informationen, Kosten und Anmeldung beim Biohof Gensler, Tel. 06658-1595<\/p>\n<p><b>Halbtages-Tour \u201eZur alten Schule\u201c<\/b><\/p>\n<p>Johannes N\u00fcdling veranstaltet am Samstag, 19.10.2013 eine Tour mit seinen Rh\u00f6nLamas. Treffpunkt ist um 11:00 Uhr am Sport- und Freizeitgel\u00e4nde L\u00fcttergrund in 36163 Poppenhausen. Weitere Informationen, Kosten und Anmeldung unter <a href=\"http:\/\/www.rhoenlamas.de\">www.rhoenlamas.de<\/a> oder Tel.: 06658-1600<\/p>\n<p><b>\u201eEnglisch-Camp im Biosph\u00e4renreservat Rh\u00f6n\u201c<\/b><\/p>\n<p>on Sonntag, 22.10. bis Freitag, 25.10.2013 veranstaltet das Spracherlebniscamp Andrea Seifert e. K. eine Ferienfreizeit f\u00fcr Kinder von 8 bis 12 Jahre mit Naturerlebnissen, Ausfl\u00fcgen und Rollenspielen in englischer Sprache. Spielerisches Lernen mit allen Sinnen und dem Sprachhund. Die Unterbringung erfolgt in der Jugendbildungsst\u00e4tte Wasserkuppe. Weitere Information, Kosten und Anmeldung unter Tel.: 06654-2849944<\/p>\n<p><b>\u201e17. Apfelmarkt im Streuobstdorf Hausen\u201c<\/b><\/p>\n<p>Am Sonntag, 20.10.2013 findet von 11:00 bis 17:00 der Apfelmarkt rund um den Kirchplatz in 97647 Hausen statt. Angeboten wird der Verkauf von ungespritztem Obst aus den Hausener Streuobstbest\u00e4nden mit Sortenbestimmung. Au\u00dferdem wird die Ausstellung der Rh\u00f6ner Apfelinitiative im Rathaus gezeigt und es werden F\u00fchrungen durch den Streuobstlehrpfad und den Sortenerhaltungsgarten angeboten.<\/p>\n","protected":false},"excerpt":{"rendered":"<div class=\"tmnf_excerpt\"><p>Wasserkuppe. Das Biosph\u00e4renreservat Rh\u00f6n bietet Ende Oktober folgende Veranstaltungen an:<\/p>\n<\/div>","protected":false},"author":1,"featured_media":0,"comment_status":"closed","ping_status":"closed","sticky":false,"template":"","format":"standard","meta":{"footnotes":""},"categories":[1],"tags":[],"class_list":["post-115185","post","type-post","status-publish","format-standard","hentry","category-startseite"],"_links":{"self":[{"href":"https:\/\/www.fuldaernachrichten.de\/index.php?rest_route=\/wp\/v2\/posts\/115185","targetHints":{"allow":["GET"]}}],"collection":[{"href":"https:\/\/www.fuldaernachrichten.de\/index.php?rest_route=\/wp\/v2\/posts"}],"about":[{"href":"https:\/\/www.fuldaernachrichten.de\/index.php?rest_route=\/wp\/v2\/types\/post"}],"author":[{"embeddable":true,"href":"https:\/\/www.fuldaernachrichten.de\/index.php?rest_route=\/wp\/v2\/users\/1"}],"replies":[{"embeddable":true,"href":"https:\/\/www.fuldaernachrichten.de\/index.php?rest_route=%2Fwp%2Fv2%2Fcomments&post=115185"}],"version-history":[{"count":1,"href":"https:\/\/www.fuldaernachrichten.de\/index.php?rest_route=\/wp\/v2\/posts\/115185\/revisions"}],"predecessor-version":[{"id":115186,"href":"https:\/\/www.fuldaernachrichten.de\/index.php?rest_route=\/wp\/v2\/posts\/115185\/revisions\/115186"}],"wp:attachment":[{"href":"https:\/\/www.fuldaernachrichten.de\/index.php?rest_route=%2Fwp%2Fv2%2Fmedia&parent=115185"}],"wp:term":[{"taxonomy":"category","embeddable":true,"href":"https:\/\/www.fuldaernachrichten.de\/index.php?rest_route=%2Fwp%2Fv2%2Fcategories&post=115185"},{"taxonomy":"post_tag","embeddable":true,"href":"https:\/\/www.fuldaernachrichten.de\/index.php?rest_route=%2Fwp%2Fv2%2Ftags&post=115185"}],"curies":[{"name":"wp","href":"https:\/\/api.w.org\/{rel}","templated":true}]}}