{"id":115183,"date":"2013-10-12T00:15:20","date_gmt":"2013-10-12T00:15:20","guid":{"rendered":"http:\/\/www.fuldaer-nachrichten.de\/?p=115183"},"modified":"2013-10-12T08:09:39","modified_gmt":"2013-10-12T08:09:39","slug":"deutscher-hospiztag-am-14-oktober-malteser-ermuntern-sprechen-sie-mit-jugendlichen-ueber-den-tod","status":"publish","type":"post","link":"https:\/\/www.fuldaernachrichten.de\/?p=115183","title":{"rendered":"\u201eDeutscher Hospiztag\u201c am 14. Oktober \u2013 Malteser ermuntern: \u201eSprechen Sie mit Jugendlichen \u00fcber den Tod\u201c"},"content":{"rendered":"<p><b>Fulda<\/b>\u00c2\u00a0 Auch wenn der Tod zum Leben dazugeh\u00f6rt, ist er in vielen Familien immer noch ein Tabuthema. \u201eJugendliche haben viele Fragen zu Tod und Trauer \u2013 aber niemanden, dem sie sie stellen k\u00f6nnen\u201c, sagt Mechthild Buchner von den Maltesern in Fulda. Am \u201eDeutschen Hospiztag\u201c am 14. Oktober ermuntert Frau Buchner: \u201eSprechen Sie mit Jugendlichen \u00fcber den Tod. Nur auf diese Weise k\u00f6nnen wir Erwachsenen unseren Kindern ihre gr\u00f6\u00dfte Angst nehmen: dass sie allein sind \u2013 beim Sterben und in der Trauer.\u201c<!--more--><\/p>\n<p>Welche W\u00fcnsche haben sterbende Menschen? Wie ist das, wenn jemand stirbt? Was passiert mit den Verstorbenen? Diese und viele weitere Fragen h\u00f6ren die ehrenamtlichen Hospizbegleiter des Malteser Hospizdienstes oft, wenn sie im Rahmen des Projektes \u201eGib mir `n kleines bisschen Sicherheit\u201c in Schulen gehen und mit Zehntkl\u00e4sslern \u00fcber das Ende des Lebens sprechen. \u201eDie meisten 15- und 16-J\u00e4hrigen haben bereits mit dem Thema zu tun gehabt \u2013 sei es, dass Gro\u00dfeltern gestorben, Lehrer verungl\u00fcckt sind oder ein Mitsch\u00fcler Selbstmord begangen hat\u201c, berichtet Mechthild Buchner und erg\u00e4nzt: \u201eDer Tod ist bei den Jugendlichen ein Thema. Er wird nur nicht angesprochen \u2013 vor allem im Privaten nicht.\u201c<\/p>\n<p>Die gr\u00f6\u00dfte Angst der Jugendlichen sei es, allein zu sein \u2013 beim Sterben, aber auch beim Trauern. \u201eWir sp\u00fcren, wie den Jugendlichen ein Stein vom Herzen f\u00e4llt, wenn wir sagen, dass niemand allein sein muss. Denn als Hospizhelfer begleiten wir Sterbende bis zu ihrem Tod und stehen Familien und Freunden auch in der Trauer bei\u201c, sagt Buchner. \u201eIndem wir mit den Jugendlichen ganz offen \u00fcber ihre Fragen zum Thema Sterben sprechen, geben wir ihnen Sicherheit im Leben. Und das kann jeder!\u201c<\/p>\n<p>Weitere Informationen zum Hospizdienst und zu M\u00f6glichkeiten des ehrenamtlichen Engagements erteilt Mechthild Buchner vom Malteser Hospizdienst DA- SEIN, Tel: 0661\/ 480 272 -10 oder per Mail an mechthild.buchner@malteser.org<\/p>\n","protected":false},"excerpt":{"rendered":"<div class=\"tmnf_excerpt\"><p>Fulda\u00c2\u00a0 Auch wenn der Tod zum Leben dazugeh\u00f6rt, ist er in vielen Familien immer noch ein Tabuthema. \u201eJugendliche haben viele Fragen zu Tod und Trauer \u2013 aber niemanden, dem sie sie stellen k\u00f6nnen\u201c, sagt Mechthild Buchner von den Maltesern in Fulda. Am \u201eDeutschen Hospiztag\u201c am 14. Oktober ermuntert Frau Buchner: \u201eSprechen Sie mit Jugendlichen \u00fcber &hellip;<\/p>\n<\/div>","protected":false},"author":1,"featured_media":0,"comment_status":"closed","ping_status":"closed","sticky":false,"template":"","format":"standard","meta":{"footnotes":""},"categories":[1],"tags":[],"class_list":["post-115183","post","type-post","status-publish","format-standard","hentry","category-startseite"],"_links":{"self":[{"href":"https:\/\/www.fuldaernachrichten.de\/index.php?rest_route=\/wp\/v2\/posts\/115183","targetHints":{"allow":["GET"]}}],"collection":[{"href":"https:\/\/www.fuldaernachrichten.de\/index.php?rest_route=\/wp\/v2\/posts"}],"about":[{"href":"https:\/\/www.fuldaernachrichten.de\/index.php?rest_route=\/wp\/v2\/types\/post"}],"author":[{"embeddable":true,"href":"https:\/\/www.fuldaernachrichten.de\/index.php?rest_route=\/wp\/v2\/users\/1"}],"replies":[{"embeddable":true,"href":"https:\/\/www.fuldaernachrichten.de\/index.php?rest_route=%2Fwp%2Fv2%2Fcomments&post=115183"}],"version-history":[{"count":1,"href":"https:\/\/www.fuldaernachrichten.de\/index.php?rest_route=\/wp\/v2\/posts\/115183\/revisions"}],"predecessor-version":[{"id":115184,"href":"https:\/\/www.fuldaernachrichten.de\/index.php?rest_route=\/wp\/v2\/posts\/115183\/revisions\/115184"}],"wp:attachment":[{"href":"https:\/\/www.fuldaernachrichten.de\/index.php?rest_route=%2Fwp%2Fv2%2Fmedia&parent=115183"}],"wp:term":[{"taxonomy":"category","embeddable":true,"href":"https:\/\/www.fuldaernachrichten.de\/index.php?rest_route=%2Fwp%2Fv2%2Fcategories&post=115183"},{"taxonomy":"post_tag","embeddable":true,"href":"https:\/\/www.fuldaernachrichten.de\/index.php?rest_route=%2Fwp%2Fv2%2Ftags&post=115183"}],"curies":[{"name":"wp","href":"https:\/\/api.w.org\/{rel}","templated":true}]}}