{"id":115180,"date":"2013-10-12T00:13:12","date_gmt":"2013-10-12T00:13:12","guid":{"rendered":"http:\/\/www.fuldaer-nachrichten.de\/?p=115180"},"modified":"2013-10-12T08:08:05","modified_gmt":"2013-10-12T08:08:05","slug":"kjf-adventswochenende-fuer-kinder-3","status":"publish","type":"post","link":"https:\/\/www.fuldaernachrichten.de\/?p=115180","title":{"rendered":"KJF-Adventswochenende f\u00fcr Kinder"},"content":{"rendered":"<p><img fetchpriority=\"high\" decoding=\"async\" class=\"alignleft size-thumbnail wp-image-115181\" alt=\"PM Kinderadventswochenende 2012\" src=\"http:\/\/www.fuldaer-nachrichten.de\/wp-content\/uploads\/2013\/10\/PM-Kinderadventswochenende-2012-265x197.jpg\" width=\"265\" height=\"197\" srcset=\"https:\/\/www.fuldaernachrichten.de\/wp-content\/uploads\/2013\/10\/PM-Kinderadventswochenende-2012-265x197.jpg 265w, https:\/\/www.fuldaernachrichten.de\/wp-content\/uploads\/2013\/10\/PM-Kinderadventswochenende-2012.jpg 600w\" sizes=\"(max-width: 265px) 100vw, 265px\" \/>Fulda. F\u00fcr Kinder von 7 bis 12 Jahren bietet die KJF (Katholische Jugend im Bistum Fulda) vom 29.\u00c2\u00a0 November \u2013 01. Dezember 2013 ihr traditionelles Adventswochenende f\u00fcr Kinder im Thomas-Morus-Haus in Hilders an. Unter dem Motto \u201eAuf dem Weg nach Bethlehem\u201c verbringen die Kinder gemeinsam den ersten Advent, um ihr eigenes Herz auf das Kommen Jesu vorzubereiten. Es steht gemeinsames Singen, Spielen, Beten, Basteln, Messe feiern und jede Menge Spa\u00df auf dem Programm. Es sind noch Pl\u00e4tze frei! Anmeldungen an: KJF-Di\u00f6zesanstelle, Paulustor 5, 36037 Fulda, E-Mail: kjf@bistum-fulda.de, Tel.: 0661\/87-367; Homepage: www.kjf-fulda.de<\/p>\n<p><b>\u00c2\u00a0<\/b><\/p>\n","protected":false},"excerpt":{"rendered":"<div class=\"tmnf_excerpt\"><p>Fulda. F\u00fcr Kinder von 7 bis 12 Jahren bietet die KJF (Katholische Jugend im Bistum Fulda) vom 29.\u00c2\u00a0 November \u2013 01. Dezember 2013 ihr traditionelles Adventswochenende f\u00fcr Kinder im Thomas-Morus-Haus in Hilders an. Unter dem Motto \u201eAuf dem Weg nach Bethlehem\u201c verbringen die Kinder gemeinsam den ersten Advent, um ihr eigenes Herz auf das Kommen &hellip;<\/p>\n<\/div>","protected":false},"author":1,"featured_media":0,"comment_status":"closed","ping_status":"closed","sticky":false,"template":"","format":"standard","meta":{"footnotes":""},"categories":[1],"tags":[],"class_list":["post-115180","post","type-post","status-publish","format-standard","hentry","category-startseite"],"_links":{"self":[{"href":"https:\/\/www.fuldaernachrichten.de\/index.php?rest_route=\/wp\/v2\/posts\/115180","targetHints":{"allow":["GET"]}}],"collection":[{"href":"https:\/\/www.fuldaernachrichten.de\/index.php?rest_route=\/wp\/v2\/posts"}],"about":[{"href":"https:\/\/www.fuldaernachrichten.de\/index.php?rest_route=\/wp\/v2\/types\/post"}],"author":[{"embeddable":true,"href":"https:\/\/www.fuldaernachrichten.de\/index.php?rest_route=\/wp\/v2\/users\/1"}],"replies":[{"embeddable":true,"href":"https:\/\/www.fuldaernachrichten.de\/index.php?rest_route=%2Fwp%2Fv2%2Fcomments&post=115180"}],"version-history":[{"count":1,"href":"https:\/\/www.fuldaernachrichten.de\/index.php?rest_route=\/wp\/v2\/posts\/115180\/revisions"}],"predecessor-version":[{"id":115182,"href":"https:\/\/www.fuldaernachrichten.de\/index.php?rest_route=\/wp\/v2\/posts\/115180\/revisions\/115182"}],"wp:attachment":[{"href":"https:\/\/www.fuldaernachrichten.de\/index.php?rest_route=%2Fwp%2Fv2%2Fmedia&parent=115180"}],"wp:term":[{"taxonomy":"category","embeddable":true,"href":"https:\/\/www.fuldaernachrichten.de\/index.php?rest_route=%2Fwp%2Fv2%2Fcategories&post=115180"},{"taxonomy":"post_tag","embeddable":true,"href":"https:\/\/www.fuldaernachrichten.de\/index.php?rest_route=%2Fwp%2Fv2%2Ftags&post=115180"}],"curies":[{"name":"wp","href":"https:\/\/api.w.org\/{rel}","templated":true}]}}