{"id":115178,"date":"2013-10-12T00:12:53","date_gmt":"2013-10-12T00:12:53","guid":{"rendered":"http:\/\/www.fuldaer-nachrichten.de\/?p=115178"},"modified":"2013-10-12T08:06:52","modified_gmt":"2013-10-12T08:06:52","slug":"fit-fuer-den-wiedereinstieg-ins-berufsleben-zurueck-in-den-beruf","status":"publish","type":"post","link":"https:\/\/www.fuldaernachrichten.de\/?p=115178","title":{"rendered":"\u201eFit f\u00fcr den Wiedereinstieg ins Berufsleben\u201c: Zur\u00fcck in den Beruf"},"content":{"rendered":"<p>Fulda (cp). Der Kurs \u201eFit f\u00fcr den Wiedereinstieg ins Berufsleben\u201c startet am Montag, 28. Oktober 2013 im Frauenzentrum Fulda. \u00dcber einen Zeitraum von zw\u00f6lf Wochen werden Frauen, die auf dem Weg zur\u00fcck in den Beruf sind, mit einem Trainingsprogramm geschult. Der Kurs findet regelm\u00e4\u00dfig Montagvormittag statt. Der Kurs dient der Orientierung und es werden konkrete Schritte f\u00fcr den pers\u00f6nlichen Wiedereinstieg erarbeitet, St\u00e4rken und F\u00e4higkeiten neu entdeckt sowie Soft Skills entwickelt. Teilnahmebeitrag: 120,00 \u00e2\u201a\u00ac (erm\u00e4\u00dfigt 60,00 \u00e2\u201a\u00ac). Weitere Infos zum Training finden Interessierte im Internet unter www.frauenbuero-fulda.de oder direkt bei der Projektleitung im Frauenb\u00fcro Fulda unter Tel. 0661\/102-1042. Es sind nur noch wenige Pl\u00e4tze frei.<\/p>\n","protected":false},"excerpt":{"rendered":"<div class=\"tmnf_excerpt\"><p>Fulda (cp). Der Kurs \u201eFit f\u00fcr den Wiedereinstieg ins Berufsleben\u201c startet am Montag, 28. Oktober 2013 im Frauenzentrum Fulda. \u00dcber einen Zeitraum von zw\u00f6lf Wochen werden Frauen, die auf dem Weg zur\u00fcck in den Beruf sind, mit einem Trainingsprogramm geschult. Der Kurs findet regelm\u00e4\u00dfig Montagvormittag statt. Der Kurs dient der Orientierung und es werden konkrete &hellip;<\/p>\n<\/div>","protected":false},"author":1,"featured_media":0,"comment_status":"closed","ping_status":"closed","sticky":false,"template":"","format":"standard","meta":{"footnotes":""},"categories":[1],"tags":[],"class_list":["post-115178","post","type-post","status-publish","format-standard","hentry","category-startseite"],"_links":{"self":[{"href":"https:\/\/www.fuldaernachrichten.de\/index.php?rest_route=\/wp\/v2\/posts\/115178","targetHints":{"allow":["GET"]}}],"collection":[{"href":"https:\/\/www.fuldaernachrichten.de\/index.php?rest_route=\/wp\/v2\/posts"}],"about":[{"href":"https:\/\/www.fuldaernachrichten.de\/index.php?rest_route=\/wp\/v2\/types\/post"}],"author":[{"embeddable":true,"href":"https:\/\/www.fuldaernachrichten.de\/index.php?rest_route=\/wp\/v2\/users\/1"}],"replies":[{"embeddable":true,"href":"https:\/\/www.fuldaernachrichten.de\/index.php?rest_route=%2Fwp%2Fv2%2Fcomments&post=115178"}],"version-history":[{"count":1,"href":"https:\/\/www.fuldaernachrichten.de\/index.php?rest_route=\/wp\/v2\/posts\/115178\/revisions"}],"predecessor-version":[{"id":115179,"href":"https:\/\/www.fuldaernachrichten.de\/index.php?rest_route=\/wp\/v2\/posts\/115178\/revisions\/115179"}],"wp:attachment":[{"href":"https:\/\/www.fuldaernachrichten.de\/index.php?rest_route=%2Fwp%2Fv2%2Fmedia&parent=115178"}],"wp:term":[{"taxonomy":"category","embeddable":true,"href":"https:\/\/www.fuldaernachrichten.de\/index.php?rest_route=%2Fwp%2Fv2%2Fcategories&post=115178"},{"taxonomy":"post_tag","embeddable":true,"href":"https:\/\/www.fuldaernachrichten.de\/index.php?rest_route=%2Fwp%2Fv2%2Ftags&post=115178"}],"curies":[{"name":"wp","href":"https:\/\/api.w.org\/{rel}","templated":true}]}}