{"id":115172,"date":"2013-10-12T00:10:02","date_gmt":"2013-10-12T00:10:02","guid":{"rendered":"http:\/\/www.fuldaer-nachrichten.de\/?p=115172"},"modified":"2013-10-12T07:58:35","modified_gmt":"2013-10-12T07:58:35","slug":"die-bundeswehr-informiert-9","status":"publish","type":"post","link":"https:\/\/www.fuldaernachrichten.de\/?p=115172","title":{"rendered":"Die Bundeswehr informiert"},"content":{"rendered":"<p>Fulda. Junge Frauen und M\u00e4nner, die freiwillig als Soldatinnen und Soldaten in der Bundeswehr dienen wollen, stehen zun\u00e4chst meist vor dem Problem: \u201eWo erhalte ich Informationen?\u201c und \u201eWie, bzw. wo bewerbe ich mich?\u201c Antwort auf diese Fragen gibt es am Donnerstag, 24. Oktober, von 12 bis 16 Uhr in der Agentur f\u00fcr Arbeit in Fulda. Im BIZ-Gruppenraum (Eingang Gambettagasse) informiert der Wehrdienstberater \u00fcber Einstellungsvoraussetzungen, Laufbahn- und Verwendungsm\u00f6glichkeiten, Einstellungstermine, Bewerbungsverfahren, zivilberufliche Ausbildung, Studium, Weiterbildungsm\u00f6glichkeiten und\/oder soziale Absicherung. Eine Anmeldung ist nicht erforderlich.<\/p>\n","protected":false},"excerpt":{"rendered":"<div class=\"tmnf_excerpt\"><p>Fulda. Junge Frauen und M\u00e4nner, die freiwillig als Soldatinnen und Soldaten in der Bundeswehr dienen wollen, stehen zun\u00e4chst meist vor dem Problem: \u201eWo erhalte ich Informationen?\u201c und \u201eWie, bzw. wo bewerbe ich mich?\u201c Antwort auf diese Fragen gibt es am Donnerstag, 24. Oktober, von 12 bis 16 Uhr in der Agentur f\u00fcr Arbeit in Fulda. &hellip;<\/p>\n<\/div>","protected":false},"author":1,"featured_media":0,"comment_status":"closed","ping_status":"closed","sticky":false,"template":"","format":"standard","meta":{"footnotes":""},"categories":[1],"tags":[],"class_list":["post-115172","post","type-post","status-publish","format-standard","hentry","category-startseite"],"_links":{"self":[{"href":"https:\/\/www.fuldaernachrichten.de\/index.php?rest_route=\/wp\/v2\/posts\/115172","targetHints":{"allow":["GET"]}}],"collection":[{"href":"https:\/\/www.fuldaernachrichten.de\/index.php?rest_route=\/wp\/v2\/posts"}],"about":[{"href":"https:\/\/www.fuldaernachrichten.de\/index.php?rest_route=\/wp\/v2\/types\/post"}],"author":[{"embeddable":true,"href":"https:\/\/www.fuldaernachrichten.de\/index.php?rest_route=\/wp\/v2\/users\/1"}],"replies":[{"embeddable":true,"href":"https:\/\/www.fuldaernachrichten.de\/index.php?rest_route=%2Fwp%2Fv2%2Fcomments&post=115172"}],"version-history":[{"count":1,"href":"https:\/\/www.fuldaernachrichten.de\/index.php?rest_route=\/wp\/v2\/posts\/115172\/revisions"}],"predecessor-version":[{"id":115173,"href":"https:\/\/www.fuldaernachrichten.de\/index.php?rest_route=\/wp\/v2\/posts\/115172\/revisions\/115173"}],"wp:attachment":[{"href":"https:\/\/www.fuldaernachrichten.de\/index.php?rest_route=%2Fwp%2Fv2%2Fmedia&parent=115172"}],"wp:term":[{"taxonomy":"category","embeddable":true,"href":"https:\/\/www.fuldaernachrichten.de\/index.php?rest_route=%2Fwp%2Fv2%2Fcategories&post=115172"},{"taxonomy":"post_tag","embeddable":true,"href":"https:\/\/www.fuldaernachrichten.de\/index.php?rest_route=%2Fwp%2Fv2%2Ftags&post=115172"}],"curies":[{"name":"wp","href":"https:\/\/api.w.org\/{rel}","templated":true}]}}