{"id":115160,"date":"2013-10-11T00:11:57","date_gmt":"2013-10-11T00:11:57","guid":{"rendered":"http:\/\/www.fuldaer-nachrichten.de\/?p=115160"},"modified":"2013-10-11T06:02:17","modified_gmt":"2013-10-11T06:02:17","slug":"theaterfahrt-nach-meinigen","status":"publish","type":"post","link":"https:\/\/www.fuldaernachrichten.de\/?p=115160","title":{"rendered":"Theaterfahrt nach Meinigen"},"content":{"rendered":"<p>Fulda. Die Familienbildungsst\u00e4tte in Fulda f\u00e4hrt am Sonntag, den 27. Oktober zu der Auff\u00fchrung \u201eTango \u2013 Liebe, L\u00fcgen, Leidenschaft\u201c ein Mischung aus Musical,Tanz und Theater nach Meinigen. Abfahrt ist um 10 Uhr, R\u00fcckkehr gegen 19 Uhr. Anmeldungen bitte bis zum 14. Oktober unter 0661-928430<\/p>\n","protected":false},"excerpt":{"rendered":"<div class=\"tmnf_excerpt\"><p>Fulda. Die Familienbildungsst\u00e4tte in Fulda f\u00e4hrt am Sonntag, den 27. Oktober zu der Auff\u00fchrung \u201eTango \u2013 Liebe, L\u00fcgen, Leidenschaft\u201c ein Mischung aus Musical,Tanz und Theater nach Meinigen. Abfahrt ist um 10 Uhr, R\u00fcckkehr gegen 19 Uhr. Anmeldungen bitte bis zum 14. Oktober unter 0661-928430<\/p>\n<\/div>","protected":false},"author":1,"featured_media":0,"comment_status":"closed","ping_status":"closed","sticky":false,"template":"","format":"standard","meta":{"footnotes":""},"categories":[1],"tags":[],"class_list":["post-115160","post","type-post","status-publish","format-standard","hentry","category-startseite"],"_links":{"self":[{"href":"https:\/\/www.fuldaernachrichten.de\/index.php?rest_route=\/wp\/v2\/posts\/115160","targetHints":{"allow":["GET"]}}],"collection":[{"href":"https:\/\/www.fuldaernachrichten.de\/index.php?rest_route=\/wp\/v2\/posts"}],"about":[{"href":"https:\/\/www.fuldaernachrichten.de\/index.php?rest_route=\/wp\/v2\/types\/post"}],"author":[{"embeddable":true,"href":"https:\/\/www.fuldaernachrichten.de\/index.php?rest_route=\/wp\/v2\/users\/1"}],"replies":[{"embeddable":true,"href":"https:\/\/www.fuldaernachrichten.de\/index.php?rest_route=%2Fwp%2Fv2%2Fcomments&post=115160"}],"version-history":[{"count":1,"href":"https:\/\/www.fuldaernachrichten.de\/index.php?rest_route=\/wp\/v2\/posts\/115160\/revisions"}],"predecessor-version":[{"id":115161,"href":"https:\/\/www.fuldaernachrichten.de\/index.php?rest_route=\/wp\/v2\/posts\/115160\/revisions\/115161"}],"wp:attachment":[{"href":"https:\/\/www.fuldaernachrichten.de\/index.php?rest_route=%2Fwp%2Fv2%2Fmedia&parent=115160"}],"wp:term":[{"taxonomy":"category","embeddable":true,"href":"https:\/\/www.fuldaernachrichten.de\/index.php?rest_route=%2Fwp%2Fv2%2Fcategories&post=115160"},{"taxonomy":"post_tag","embeddable":true,"href":"https:\/\/www.fuldaernachrichten.de\/index.php?rest_route=%2Fwp%2Fv2%2Ftags&post=115160"}],"curies":[{"name":"wp","href":"https:\/\/api.w.org\/{rel}","templated":true}]}}