{"id":115156,"date":"2013-10-11T06:01:46","date_gmt":"2013-10-11T06:01:46","guid":{"rendered":"http:\/\/www.fuldaer-nachrichten.de\/?p=115156"},"modified":"2013-10-11T06:01:46","modified_gmt":"2013-10-11T06:01:46","slug":"weihbischof-prof-dr-karlheinz-diez-trifft-ehrenamtliche-ehe-und-familientrainer-im-bistum","status":"publish","type":"post","link":"https:\/\/www.fuldaernachrichten.de\/?p=115156","title":{"rendered":"Weihbischof Prof. Dr. Karlheinz Diez trifft ehrenamtliche Ehe- und Familientrainer im Bistum"},"content":{"rendered":"<p><img fetchpriority=\"high\" decoding=\"async\" class=\"alignleft size-thumbnail wp-image-115157\" alt=\"DSC08751\" src=\"http:\/\/www.fuldaer-nachrichten.de\/wp-content\/uploads\/2013\/10\/DSC08751-265x198.jpg\" width=\"265\" height=\"198\" srcset=\"https:\/\/www.fuldaernachrichten.de\/wp-content\/uploads\/2013\/10\/DSC08751-265x198.jpg 265w, https:\/\/www.fuldaernachrichten.de\/wp-content\/uploads\/2013\/10\/DSC08751.jpg 600w\" sizes=\"(max-width: 265px) 100vw, 265px\" \/>Fulda. Zu einem Tag des Erfahrungsaustausches und der Ideenfindung trafen sich zehn ehrenamtliche Ehe- und Familientrainerpaare des Bistums Fulda. Diese haben in den letzten zehn Jahren die zweij\u00e4hrige Ausbildung der Akademie f\u00fcr Ehe und Familie absolviert und bringen sich ganz unterschiedlich in der Familienarbeit ihrer Pfarreien und Pastoralverb\u00fcnde ein.<\/p>\n<p>\u201eDas Gespr\u00e4ch \u00fcber Erfahrungen in unseren Pfarreien mit Familienwochenenden, Ehe- und Erziehungskursen und neuen Formen von Familienkreisen war f\u00fcr alle sehr bereichernd, hatte h\u00e4ufig Modellcharakter und f\u00fchrte in eine Ideenwerkstatt\u201c, erl\u00e4utert Thomas Bretz, Mitarbeiter in der Familienpastoral des Seelsorgeamtes, der zu diesem Treffen eingeladen hatte.<!--more--><\/p>\n<p>Weihbischof Prof. Dr. Karlheinz Diez, der diesen Tag begleitete, sagte zu den Paaren: \u201eSie haben mich heute mit Ihrem Zeugnis als Ehepaare und Familien tief beeindruckt und mit Ihrer Bereitschaft zum Engagement sehr ermutigt\u201c. Weihbischof Diez geh\u00f6rt der Kommission XI. \u201eEhe und Familie\u201c der deutschen Bischofskonferenz an.<\/p>\n<p><span style=\"text-decoration: underline;\">Akademie f\u00fcr Ehe und Familie:<\/span><\/p>\n<p>\u201eDas Ziel der Akademie f\u00fcr Ehe und Familie ist die Ausbildung von Ehepaaren zu Ehe- und Familientrainern, die erfolgreich ihre eigene Ehe und Familie leben und andere Paare und Familien begleiten\u201c, so die Akademieleitung Maria-Theresia und Prof. Dr. Hubertus Brantzen, Pastoraltheologe in Mainz. Die zweij\u00e4hrige Ausbildung orientiert sich am konkreten Leben. Die zentralen Bereiche von Ehe und Familie werden als Gesamtheit betrachtet, in der die religi\u00f6se Dimension eine wesentliche Rolle spielt. Methodentraining qualifiziert zu einer erfolgreichen Multiplikatorenarbeit.<\/p>\n<p>&nbsp;<\/p>\n","protected":false},"excerpt":{"rendered":"<div class=\"tmnf_excerpt\"><p>Fulda. Zu einem Tag des Erfahrungsaustausches und der Ideenfindung trafen sich zehn ehrenamtliche Ehe- und Familientrainerpaare des Bistums Fulda. Diese haben in den letzten zehn Jahren die zweij\u00e4hrige Ausbildung der Akademie f\u00fcr Ehe und Familie absolviert und bringen sich ganz unterschiedlich in der Familienarbeit ihrer Pfarreien und Pastoralverb\u00fcnde ein. \u201eDas Gespr\u00e4ch \u00fcber Erfahrungen in unseren &hellip;<\/p>\n<\/div>","protected":false},"author":1,"featured_media":0,"comment_status":"closed","ping_status":"closed","sticky":false,"template":"","format":"standard","meta":{"footnotes":""},"categories":[1,50],"tags":[],"class_list":["post-115156","post","type-post","status-publish","format-standard","hentry","category-startseite","category-kirche"],"_links":{"self":[{"href":"https:\/\/www.fuldaernachrichten.de\/index.php?rest_route=\/wp\/v2\/posts\/115156","targetHints":{"allow":["GET"]}}],"collection":[{"href":"https:\/\/www.fuldaernachrichten.de\/index.php?rest_route=\/wp\/v2\/posts"}],"about":[{"href":"https:\/\/www.fuldaernachrichten.de\/index.php?rest_route=\/wp\/v2\/types\/post"}],"author":[{"embeddable":true,"href":"https:\/\/www.fuldaernachrichten.de\/index.php?rest_route=\/wp\/v2\/users\/1"}],"replies":[{"embeddable":true,"href":"https:\/\/www.fuldaernachrichten.de\/index.php?rest_route=%2Fwp%2Fv2%2Fcomments&post=115156"}],"version-history":[{"count":1,"href":"https:\/\/www.fuldaernachrichten.de\/index.php?rest_route=\/wp\/v2\/posts\/115156\/revisions"}],"predecessor-version":[{"id":115158,"href":"https:\/\/www.fuldaernachrichten.de\/index.php?rest_route=\/wp\/v2\/posts\/115156\/revisions\/115158"}],"wp:attachment":[{"href":"https:\/\/www.fuldaernachrichten.de\/index.php?rest_route=%2Fwp%2Fv2%2Fmedia&parent=115156"}],"wp:term":[{"taxonomy":"category","embeddable":true,"href":"https:\/\/www.fuldaernachrichten.de\/index.php?rest_route=%2Fwp%2Fv2%2Fcategories&post=115156"},{"taxonomy":"post_tag","embeddable":true,"href":"https:\/\/www.fuldaernachrichten.de\/index.php?rest_route=%2Fwp%2Fv2%2Ftags&post=115156"}],"curies":[{"name":"wp","href":"https:\/\/api.w.org\/{rel}","templated":true}]}}