{"id":115146,"date":"2013-10-11T05:49:58","date_gmt":"2013-10-11T05:49:58","guid":{"rendered":"http:\/\/www.fuldaer-nachrichten.de\/?p=115146"},"modified":"2013-10-11T05:49:58","modified_gmt":"2013-10-11T05:49:58","slug":"betreuer-betreuerinnen-fuer-internationales-flair-gesucht","status":"publish","type":"post","link":"https:\/\/www.fuldaernachrichten.de\/?p=115146","title":{"rendered":"Betreuer \/ Betreuerinnen f\u00fcr Internationales Flair gesucht!"},"content":{"rendered":"<p>Gersfeld. (hs) Spracherlebniscamp, Deutsche Jugend in Europa\/Landesverband Hessen e.V. und die hessischen Rotarier werden Februar 2014 und im Augunst 2014 wieder vierzehnt\u00e4gige Sprachcamps in der hessischen Rh\u00f6n f\u00fcr Jugendliche aus Nord- und S\u00fcdamerika , Japan und Indien durchf\u00fchren, die sich anschlie\u00dfend 1 Jahr in Deutschland aufhalten. Die Deutsche Jugend in Europa (DJO)\u00c2\u00a0 sucht noch Betreuer\/ Betreuerinnen f\u00fcr diese Camps, die die Jugendlichen im Sinne von interkulturellem Lernen auf ihren Aufenthalt in Deutschland vorbereiten. <b>Mindestvoraussetzung<\/b>: Interesse an interkulturellem Lernen, Kenntnisse in einer Fremdsprache w\u00e4ren gut. Unterkunft und Verpflegung werden gestellt, Fahrtkosten erstattet und ein Honorar kann gezahlt werden. Eine Praktikumsbescheinigung wird ausgestellt. Interessenten melden sich bitte bei: \u00c2\u00a0Harald Sch\u00e4fer (Tel.: 06658\/919001 oder E-Mail : <a href=\"mailto:gersfeld@web.de\">gersfeld@web.de<\/a>), der gerne auch weitere Informationen gibt..<\/p>\n<p><b>\u00c2\u00a0<\/b><\/p>\n<p><b>\u00c2\u00a0<\/b><\/p>\n","protected":false},"excerpt":{"rendered":"<div class=\"tmnf_excerpt\"><p>Gersfeld. (hs) Spracherlebniscamp, Deutsche Jugend in Europa\/Landesverband Hessen e.V. und die hessischen Rotarier werden Februar 2014 und im Augunst 2014 wieder vierzehnt\u00e4gige Sprachcamps in der hessischen Rh\u00f6n f\u00fcr Jugendliche aus Nord- und S\u00fcdamerika , Japan und Indien durchf\u00fchren, die sich anschlie\u00dfend 1 Jahr in Deutschland aufhalten. Die Deutsche Jugend in Europa (DJO)\u00c2\u00a0 sucht noch Betreuer\/ &hellip;<\/p>\n<\/div>","protected":false},"author":1,"featured_media":0,"comment_status":"closed","ping_status":"closed","sticky":false,"template":"","format":"standard","meta":{"footnotes":""},"categories":[1],"tags":[],"class_list":["post-115146","post","type-post","status-publish","format-standard","hentry","category-startseite"],"_links":{"self":[{"href":"https:\/\/www.fuldaernachrichten.de\/index.php?rest_route=\/wp\/v2\/posts\/115146","targetHints":{"allow":["GET"]}}],"collection":[{"href":"https:\/\/www.fuldaernachrichten.de\/index.php?rest_route=\/wp\/v2\/posts"}],"about":[{"href":"https:\/\/www.fuldaernachrichten.de\/index.php?rest_route=\/wp\/v2\/types\/post"}],"author":[{"embeddable":true,"href":"https:\/\/www.fuldaernachrichten.de\/index.php?rest_route=\/wp\/v2\/users\/1"}],"replies":[{"embeddable":true,"href":"https:\/\/www.fuldaernachrichten.de\/index.php?rest_route=%2Fwp%2Fv2%2Fcomments&post=115146"}],"version-history":[{"count":1,"href":"https:\/\/www.fuldaernachrichten.de\/index.php?rest_route=\/wp\/v2\/posts\/115146\/revisions"}],"predecessor-version":[{"id":115147,"href":"https:\/\/www.fuldaernachrichten.de\/index.php?rest_route=\/wp\/v2\/posts\/115146\/revisions\/115147"}],"wp:attachment":[{"href":"https:\/\/www.fuldaernachrichten.de\/index.php?rest_route=%2Fwp%2Fv2%2Fmedia&parent=115146"}],"wp:term":[{"taxonomy":"category","embeddable":true,"href":"https:\/\/www.fuldaernachrichten.de\/index.php?rest_route=%2Fwp%2Fv2%2Fcategories&post=115146"},{"taxonomy":"post_tag","embeddable":true,"href":"https:\/\/www.fuldaernachrichten.de\/index.php?rest_route=%2Fwp%2Fv2%2Ftags&post=115146"}],"curies":[{"name":"wp","href":"https:\/\/api.w.org\/{rel}","templated":true}]}}