{"id":115143,"date":"2013-10-11T05:48:43","date_gmt":"2013-10-11T05:48:43","guid":{"rendered":"http:\/\/www.fuldaer-nachrichten.de\/?p=115143"},"modified":"2013-10-11T05:48:43","modified_gmt":"2013-10-11T05:48:43","slug":"computerspezialisten-aus-fulda-nethinks-gehoert-zu-den-besten-it-beratern-deutschlands","status":"publish","type":"post","link":"https:\/\/www.fuldaernachrichten.de\/?p=115143","title":{"rendered":"Computerspezialisten aus Fulda: NETHINKS geh\u00f6rt zu den besten IT-Beratern Deutschlands"},"content":{"rendered":"<p><img fetchpriority=\"high\" decoding=\"async\" class=\"alignleft size-thumbnail wp-image-115144\" alt=\"Nethinks_Bergmann\" src=\"http:\/\/www.fuldaer-nachrichten.de\/wp-content\/uploads\/2013\/10\/Nethinks_Bergmann-265x353.jpg\" width=\"265\" height=\"353\" srcset=\"https:\/\/www.fuldaernachrichten.de\/wp-content\/uploads\/2013\/10\/Nethinks_Bergmann-265x353.jpg 265w, https:\/\/www.fuldaernachrichten.de\/wp-content\/uploads\/2013\/10\/Nethinks_Bergmann-198x265.jpg 198w, https:\/\/www.fuldaernachrichten.de\/wp-content\/uploads\/2013\/10\/Nethinks_Bergmann-450x600.jpg 450w, https:\/\/www.fuldaernachrichten.de\/wp-content\/uploads\/2013\/10\/Nethinks_Bergmann.jpg 600w\" sizes=\"(max-width: 265px) 100vw, 265px\" \/>Fulda. Das Fuldaer Dienstleistungsunternehmen Nethinks ist auch dieses Jahr wieder einer der besten IT-Berater f\u00fcr den Mittelstand in Deutschland. Zu diesem Ergebnis ist die Jury des &#8220;Top Consultant&#8221;-Unternehmensvergleichs gekommen, der regelm\u00e4\u00dfig von der bundesweit agierenden compamedia GmbH veranstaltet wird. Mentor und Schirmherr des Projekts ist der ehemalige deutsche Finanzminister Hans Eichel.<!--more--><\/p>\n<p>Grundlage der Unternehmensbewertung, die der Verleihung des G\u00fctesiegels vorausging, war eine repr\u00e4sentative Kundenbefragung unter wissenschaftlicher Leitung von Dr. Dietmar Fink, Professor f\u00fcr Unternehmensberatung an der FH Bonn-Rhein-Sieg. Sein Team erkundigte sich unter anderem nach der Fachkompetenz, Methodik und Loyalit\u00e4t aller Wettbewerbsteilnehmer und analysierte die Ergebnisse. Nur Consulting-Unternehmen, die in der Gesamtwertung mindestens das Rating &#8220;B&#8221; \u2013 also die Schulnote &#8220;gut&#8221; \u2013 erhalten hatten, wurden mit dem G\u00fctesiegel &#8220;Top Consultant&#8221; ausgezeichnet. Das Team von Nethinks konnte sich in der Gesamtnote sogar \u00fcber ein &#8220;A&#8221; freuen \u2013 eine glatte 1. &#8220;Wir sind stolz auf diese Auszeichnung. Es motiviert ungemein, dass wir uns zu den besten Mittelstands-Beratern Deutschlands z\u00e4hlen d\u00fcrfen&#8221;, so Uwe Bergmann, Gesch\u00e4ftsf\u00fchrer von Nethinks.<\/p>\n<p>Die Nethinks GmbH mit Sitz in Fulda ist ein inhabergef\u00fchrtes Dienstleistungsunternehmen, das bereits seit vielen Jahren individuelle L\u00f6sungen in den Bereichen Telefonie, Standortvernetzung und IT-\u00dcberwachung anbietet. Das insgesamt 20-k\u00f6pfige Team hinter Nethinks z\u00e4hlt Unternehmen verschiedenster Branchen zu seinem Kundenkreis und unterh\u00e4lt mehrere eigene Rechenzentren sowie ein eigenes Datennetz, das fortw\u00e4hrend ausgebaut wird.<\/p>\n","protected":false},"excerpt":{"rendered":"<div class=\"tmnf_excerpt\"><p>Fulda. Das Fuldaer Dienstleistungsunternehmen Nethinks ist auch dieses Jahr wieder einer der besten IT-Berater f\u00fcr den Mittelstand in Deutschland. Zu diesem Ergebnis ist die Jury des &#8220;Top Consultant&#8221;-Unternehmensvergleichs gekommen, der regelm\u00e4\u00dfig von der bundesweit agierenden compamedia GmbH veranstaltet wird. Mentor und Schirmherr des Projekts ist der ehemalige deutsche Finanzminister Hans Eichel.<\/p>\n<\/div>","protected":false},"author":1,"featured_media":0,"comment_status":"closed","ping_status":"closed","sticky":false,"template":"","format":"standard","meta":{"footnotes":""},"categories":[1],"tags":[],"class_list":["post-115143","post","type-post","status-publish","format-standard","hentry","category-startseite"],"_links":{"self":[{"href":"https:\/\/www.fuldaernachrichten.de\/index.php?rest_route=\/wp\/v2\/posts\/115143","targetHints":{"allow":["GET"]}}],"collection":[{"href":"https:\/\/www.fuldaernachrichten.de\/index.php?rest_route=\/wp\/v2\/posts"}],"about":[{"href":"https:\/\/www.fuldaernachrichten.de\/index.php?rest_route=\/wp\/v2\/types\/post"}],"author":[{"embeddable":true,"href":"https:\/\/www.fuldaernachrichten.de\/index.php?rest_route=\/wp\/v2\/users\/1"}],"replies":[{"embeddable":true,"href":"https:\/\/www.fuldaernachrichten.de\/index.php?rest_route=%2Fwp%2Fv2%2Fcomments&post=115143"}],"version-history":[{"count":1,"href":"https:\/\/www.fuldaernachrichten.de\/index.php?rest_route=\/wp\/v2\/posts\/115143\/revisions"}],"predecessor-version":[{"id":115145,"href":"https:\/\/www.fuldaernachrichten.de\/index.php?rest_route=\/wp\/v2\/posts\/115143\/revisions\/115145"}],"wp:attachment":[{"href":"https:\/\/www.fuldaernachrichten.de\/index.php?rest_route=%2Fwp%2Fv2%2Fmedia&parent=115143"}],"wp:term":[{"taxonomy":"category","embeddable":true,"href":"https:\/\/www.fuldaernachrichten.de\/index.php?rest_route=%2Fwp%2Fv2%2Fcategories&post=115143"},{"taxonomy":"post_tag","embeddable":true,"href":"https:\/\/www.fuldaernachrichten.de\/index.php?rest_route=%2Fwp%2Fv2%2Ftags&post=115143"}],"curies":[{"name":"wp","href":"https:\/\/api.w.org\/{rel}","templated":true}]}}