{"id":115141,"date":"2013-10-11T05:47:01","date_gmt":"2013-10-11T05:47:01","guid":{"rendered":"http:\/\/www.fuldaer-nachrichten.de\/?p=115141"},"modified":"2013-10-11T05:47:01","modified_gmt":"2013-10-11T05:47:01","slug":"stiftung-weltbevoelkerung-maedchen-brauchen-besseren-zugang-zu-sekundarbildung","status":"publish","type":"post","link":"https:\/\/www.fuldaernachrichten.de\/?p=115141","title":{"rendered":"Stiftung Weltbev\u00f6lkerung: \u201eM\u00e4dchen brauchen besseren Zugang zu Sekundarbildung\u201c"},"content":{"rendered":"<p>Hannover. Weltweit gehen 34 Millionen M\u00e4dchen im Teenageralter nicht auf eine weiterf\u00fchrende Schule. 97 Prozent von ihnen leben in Entwicklungsl\u00e4ndern. Auch beim Zugang zu Prim\u00e4rbildung gibt es nach wie vor Defizite: Trotz beachtlicher Fortschritte k\u00f6nnen noch immer 31 Millionen M\u00e4dchen im Grundschulalter keine Schule besuchen \u2013 das sind f\u00fcnf Millionen mehr M\u00e4dchen als Jungen. In vielen Entwicklungsl\u00e4ndern wird insbesondere M\u00e4dchen aus armen Verh\u00e4ltnissen das Recht auf Bildung vorenthalten. Darauf macht die Stiftung Weltbev\u00f6lkerung anl\u00e4sslich des Internationalen M\u00e4dchentags am 11. Oktober aufmerksam.<!--more--><br \/>\n\u201eDas Recht auf Bildung darf M\u00e4dchen nicht l\u00e4nger vorenthalten werden. Damit M\u00e4dchen und junge Frauen sich selbst aus ihrer Armut befreien k\u00f6nnen, brauchen sie endlich uneingeschr\u00e4nkten Zugang nicht nur zu Prim\u00e4r-, sondern auch zu Sekundarbildung\u201c, so Renate B\u00e4hr, Gesch\u00e4ftsf\u00fchrerin der Stiftung Weltbev\u00f6lkerung.<\/p>\n<p>Zu den positiven Auswirkungen einer Sekundarbildung z\u00e4hlt, dass M\u00e4dchen ihre Rechte besser wahrnehmen und ungewollte Schwangerschaften vermeiden k\u00f6nnen. Jedes Jahr bekommen in Entwicklungsl\u00e4ndern rund 13 Millionen junge Frauen zwischen 15 und 19 Jahren ein Kind. Komplikationen bei der Schwangerschaft oder Geburt sind die Haupttodesursache f\u00fcr M\u00e4dchen in Entwicklungsl\u00e4ndern.<\/p>\n<p><strong>\u00dcber den Internationalen M\u00e4dchentag und die Stiftung Weltbev\u00f6lkerung<\/strong><br \/>\nDer Internationale M\u00e4dchentag wurde erstmals 2012 von den Vereinten Nationen begangen, um auf die weltweite Benachteiligung von M\u00e4dchen aufmerksam zu machen. In diesem Jahr steht die Bildung von M\u00e4dchen im Mittelpunkt. Die Stiftung Weltbev\u00f6lkerung hat sich zusammen mit anderen Organisationen f\u00fcr die Schaffung des Internationalen M\u00e4dchentags eingesetzt.<\/p>\n","protected":false},"excerpt":{"rendered":"<div class=\"tmnf_excerpt\"><p>Hannover. Weltweit gehen 34 Millionen M\u00e4dchen im Teenageralter nicht auf eine weiterf\u00fchrende Schule. 97 Prozent von ihnen leben in Entwicklungsl\u00e4ndern. Auch beim Zugang zu Prim\u00e4rbildung gibt es nach wie vor Defizite: Trotz beachtlicher Fortschritte k\u00f6nnen noch immer 31 Millionen M\u00e4dchen im Grundschulalter keine Schule besuchen \u2013 das sind f\u00fcnf Millionen mehr M\u00e4dchen als Jungen. In &hellip;<\/p>\n<\/div>","protected":false},"author":1,"featured_media":0,"comment_status":"closed","ping_status":"closed","sticky":false,"template":"","format":"standard","meta":{"footnotes":""},"categories":[1],"tags":[],"class_list":["post-115141","post","type-post","status-publish","format-standard","hentry","category-startseite"],"_links":{"self":[{"href":"https:\/\/www.fuldaernachrichten.de\/index.php?rest_route=\/wp\/v2\/posts\/115141","targetHints":{"allow":["GET"]}}],"collection":[{"href":"https:\/\/www.fuldaernachrichten.de\/index.php?rest_route=\/wp\/v2\/posts"}],"about":[{"href":"https:\/\/www.fuldaernachrichten.de\/index.php?rest_route=\/wp\/v2\/types\/post"}],"author":[{"embeddable":true,"href":"https:\/\/www.fuldaernachrichten.de\/index.php?rest_route=\/wp\/v2\/users\/1"}],"replies":[{"embeddable":true,"href":"https:\/\/www.fuldaernachrichten.de\/index.php?rest_route=%2Fwp%2Fv2%2Fcomments&post=115141"}],"version-history":[{"count":1,"href":"https:\/\/www.fuldaernachrichten.de\/index.php?rest_route=\/wp\/v2\/posts\/115141\/revisions"}],"predecessor-version":[{"id":115142,"href":"https:\/\/www.fuldaernachrichten.de\/index.php?rest_route=\/wp\/v2\/posts\/115141\/revisions\/115142"}],"wp:attachment":[{"href":"https:\/\/www.fuldaernachrichten.de\/index.php?rest_route=%2Fwp%2Fv2%2Fmedia&parent=115141"}],"wp:term":[{"taxonomy":"category","embeddable":true,"href":"https:\/\/www.fuldaernachrichten.de\/index.php?rest_route=%2Fwp%2Fv2%2Fcategories&post=115141"},{"taxonomy":"post_tag","embeddable":true,"href":"https:\/\/www.fuldaernachrichten.de\/index.php?rest_route=%2Fwp%2Fv2%2Ftags&post=115141"}],"curies":[{"name":"wp","href":"https:\/\/api.w.org\/{rel}","templated":true}]}}