{"id":115136,"date":"2013-10-11T00:43:35","date_gmt":"2013-10-11T00:43:35","guid":{"rendered":"http:\/\/www.fuldaer-nachrichten.de\/?p=115136"},"modified":"2013-10-11T05:44:58","modified_gmt":"2013-10-11T05:44:58","slug":"kreiskrankenhaus-alsfeld-stellt-die-weichen-auf-zukunft","status":"publish","type":"post","link":"https:\/\/www.fuldaernachrichten.de\/?p=115136","title":{"rendered":"Kreiskrankenhaus Alsfeld stellt die Weichen auf Zukunft"},"content":{"rendered":"<p><img fetchpriority=\"high\" decoding=\"async\" class=\"alignleft size-thumbnail wp-image-115137\" alt=\"ReuterAssmusKneip\" src=\"http:\/\/www.fuldaer-nachrichten.de\/wp-content\/uploads\/2013\/10\/ReuterAssmusKneip-265x214.jpg\" width=\"265\" height=\"214\" srcset=\"https:\/\/www.fuldaernachrichten.de\/wp-content\/uploads\/2013\/10\/ReuterAssmusKneip-265x214.jpg 265w, https:\/\/www.fuldaernachrichten.de\/wp-content\/uploads\/2013\/10\/ReuterAssmusKneip.jpg 600w\" sizes=\"(max-width: 265px) 100vw, 265px\" \/>Alsfeld. ersonelle Neuformierung an der Spitze des Vogelsberger Kreiskrankenhauses. Landrat Manfred G\u00f6rig: \u201eDie Weichen werden Richtung Zukunft gestellt.\u201c Gesch\u00e4ftsf\u00fchrer Bodo Assmus und Aufsichtsratsvorsitzender G\u00f6rig setzen damit deutliche Signale f\u00fcr den Standort Alsfeld, f\u00fcr die Zukunft, vor allem aber f\u00fcr die medizinische Qualit\u00e4t des Hauses. Mit gleich zwei Chefarztwechseln formiert sich die \u00c4rzteschaft in den kommenden Wochen neu und er\u00f6ffnet damit gleichzeitig neue M\u00f6glichkeiten f\u00fcr Patienten. Das Angebotsspektrum erweitert sich, zum Beispiel im Bereich Lungenheilkunde.<!--more--><\/p>\n<p>Dr. Arno Kneip wird neuer \u00c4rztlicher Leiter. Kneip l\u00f6st in dieser Funktion in wenigen Wochen Dr. B\u00f6hm ab. Dr. Markus Reuter wird neuer Chefarzt \u201ePneumologie\u201c und Dr. Steffen Lancee wird Chefarzt des Bereichs \u201eAllgemein- Visceral- und Gef\u00e4\u00dfchirurgie\u201c.<\/p>\n<p>Dr. Arno Kneip ist seit 2005 im Kreiskrankenhaus als Chefarzt der Orthop\u00e4die und Unfallchirurgie t\u00e4tig und bereits seit 2006 Stellvertretender \u00c4rztlicher Leiter. Er kam aus dem B\u00fcrgerhospital Friedberg nach Alsfeld und hat in dieser Zeit die Abteilung ma\u00dfgeblich weiterentwickelt. Unter seiner Leitung wurde neben der Behandlung von Unfallpatienten und Verschlei\u00dferkrankungen auch die Behandlung von Sportverletzungen etabliert und die Sektion Wirbels\u00e4ulenchirurgie aufgebaut.\u00c2\u00a0 Aufgrund seiner Initiative ist das Kreiskrankenhaus Mitglied im Traumanetzwerk Mittelhessen und als lokales Traumazentrum zertifiziert. Seitens der Berufsgenossenschaften besteht eine Zulassung als Durchgangsarzt f\u00fcr die Durchf\u00fchrung der Behandlung nach Arbeits- und Wegeunf\u00e4llen.<\/p>\n<p>Gesch\u00e4ftsf\u00fchrer Bodo Assmus: \u201eNeue Schwerpunkte und Innovationen im Dienste der Patienten sind mit den neuen Chef\u00e4rzten auf den Weg gebracht. Auf Oberarztebene sind wir seit Jahren gut und konstant mit kompetenten, erfahrenen und engagierten Medizinern aufgestellt. Deshalb konnten wir trotz einiger Personalwechsel auf der Chefarztebene unsere Patienten weiterhin sehr gut versorgen.\u201c Umso wertvoller sei es, dass das Kreiskrankenhaus mit den neuen \u00c4rzten auch in der F\u00fchrungsebene Stabilit\u00e4t und Fortentwicklung gleicherma\u00dfen dokumentiere. Das Haus sei stolz darauf, sehr erfahrene und erfolgreiche Mediziner gewonnen zu haben.<\/p>\n<p>Dr. Markus Reuter ist seit dem 1. Oktober Chefarzt der Pneumologie. Der 51-j\u00e4hrige Facharzt f\u00fcr Pneumologie wird in den n\u00e4chsten Monaten in Alsfeld eine pneumologische Fachabteilung innerhalb der Abteilung Innere Medizin aufbauen, um Patienten mit Lungenerkrankungen vor Ort gut diagnostizieren und versorgen zu k\u00f6nnen.<\/p>\n<p>Der bisherige Chefarzt der Inneren, Dr. Martin B\u00f6hm, beabsichtigt, sich als Hausarzt in Schwalmtal niederzulassen. Die Entscheidung \u00fcber Dr. B\u00f6hms diesbez\u00fcglichen Antrag f\u00e4llt Ende Oktober. Dann n\u00e4mlich wird der Zulassungsausschuss der Kassen\u00e4rztlichen Vereinigung und der Krankenkassen \u00fcber diesen Antrag auf einen Sitz als niedergelassener Hausarzt f\u00fcr Schwalmtal entscheiden.<\/p>\n<p>Landrat Manfred G\u00f6rig akzeptiert Dr. B\u00f6hms Wunsch nach einer beruflichen Ver\u00e4nderung. Sollte sich dieser Wunsch erf\u00fcllen, wird Dr. Reuter die Aufgaben und Funktion von Dr. B\u00f6hm auch als Chefarzt der Allgemeinen Inneren \u00fcbernehmen.<\/p>\n<p>Dr. Reuter \u2013 geb\u00fcrtiger Rheinl\u00e4nder \u2013 bringt auch die Qualifikation als B\u00f6hms Nachfolger in der Funktion Chefarzt \u201eInnere\u201c mit, dessen sind sich der Gesch\u00e4ftsf\u00fchrer und der Landrat sicher. Denn nach mehreren Stationen als Oberarzt f\u00fcr Pneumologie war Reuter die vergangenen acht Jahre Chefarzt der Inneren Medizin, Pneumologie, nicht-invasive Kardiologie und internistische Intensivmedizin in Montabaur.<\/p>\n<p>Dr. Steffen Lancee, 48-j\u00e4hriger Allgemein- und Visceralchirurg wird am 1. Januar 2014 die Nachfolge des 64-j\u00e4hrigen Chefarztes PD Dr. Karl Kipfm\u00fcller antreten und somit die Chefarztposition der Allgemein-, Visceral- und Gef\u00e4\u00dfchirurgie \u00fcbernehmen. Dr. Lancee bringe die erforderlichen medizinischen und organisatorischen Kompetenzen mit, betonen Assmus und G\u00f6rig. In seiner bisherigen Klinik in Bludenz\/\u00d6sterreich trug er wesentlich dazu bei, die chirurgische Abteilung als Zentrum f\u00fcr Hernienchirurgie, der Proktologie und der Minimal-invasiven Chirurgie auszubauen. In seinen Spezialisierungen der Darm-, Bauchspeicheldr\u00fcsen-, Leber- und Milzerkrankungen bzw. -operationen wurde er als Referent zu mehreren internationalen Kongressen geladen und publizierte vielfach in medizinischen Fachzeitschriften.<\/p>\n<p>F\u00fcr Landrat Manfred G\u00f6rig, zugleich Aufsichtsratsvorsitzender der Kreiskrankenhaus GmbH, signalisiert die hohe Fachkompetenz an der Spitze des Hauses Stabilit\u00e4t und Verl\u00e4sslichkeit \u2013 sowohl f\u00fcr die Bev\u00f6lkerung, f\u00fcr die das Kreiskrankenhaus aus Sicht des Landrats unverzichtbar ist, als auch f\u00fcr die Besch\u00e4ftigten. Das Kreiskrankenhaus geh\u00f6re zum \u201eKern der Daseinsvorsorge in der Region\u201c.<\/p>\n","protected":false},"excerpt":{"rendered":"<div class=\"tmnf_excerpt\"><p>Alsfeld. ersonelle Neuformierung an der Spitze des Vogelsberger Kreiskrankenhauses. Landrat Manfred G\u00f6rig: \u201eDie Weichen werden Richtung Zukunft gestellt.\u201c Gesch\u00e4ftsf\u00fchrer Bodo Assmus und Aufsichtsratsvorsitzender G\u00f6rig setzen damit deutliche Signale f\u00fcr den Standort Alsfeld, f\u00fcr die Zukunft, vor allem aber f\u00fcr die medizinische Qualit\u00e4t des Hauses. Mit gleich zwei Chefarztwechseln formiert sich die \u00c4rzteschaft in den kommenden &hellip;<\/p>\n<\/div>","protected":false},"author":1,"featured_media":0,"comment_status":"closed","ping_status":"closed","sticky":false,"template":"","format":"standard","meta":{"footnotes":""},"categories":[1],"tags":[],"class_list":["post-115136","post","type-post","status-publish","format-standard","hentry","category-startseite"],"_links":{"self":[{"href":"https:\/\/www.fuldaernachrichten.de\/index.php?rest_route=\/wp\/v2\/posts\/115136","targetHints":{"allow":["GET"]}}],"collection":[{"href":"https:\/\/www.fuldaernachrichten.de\/index.php?rest_route=\/wp\/v2\/posts"}],"about":[{"href":"https:\/\/www.fuldaernachrichten.de\/index.php?rest_route=\/wp\/v2\/types\/post"}],"author":[{"embeddable":true,"href":"https:\/\/www.fuldaernachrichten.de\/index.php?rest_route=\/wp\/v2\/users\/1"}],"replies":[{"embeddable":true,"href":"https:\/\/www.fuldaernachrichten.de\/index.php?rest_route=%2Fwp%2Fv2%2Fcomments&post=115136"}],"version-history":[{"count":1,"href":"https:\/\/www.fuldaernachrichten.de\/index.php?rest_route=\/wp\/v2\/posts\/115136\/revisions"}],"predecessor-version":[{"id":115138,"href":"https:\/\/www.fuldaernachrichten.de\/index.php?rest_route=\/wp\/v2\/posts\/115136\/revisions\/115138"}],"wp:attachment":[{"href":"https:\/\/www.fuldaernachrichten.de\/index.php?rest_route=%2Fwp%2Fv2%2Fmedia&parent=115136"}],"wp:term":[{"taxonomy":"category","embeddable":true,"href":"https:\/\/www.fuldaernachrichten.de\/index.php?rest_route=%2Fwp%2Fv2%2Fcategories&post=115136"},{"taxonomy":"post_tag","embeddable":true,"href":"https:\/\/www.fuldaernachrichten.de\/index.php?rest_route=%2Fwp%2Fv2%2Ftags&post=115136"}],"curies":[{"name":"wp","href":"https:\/\/api.w.org\/{rel}","templated":true}]}}