{"id":115133,"date":"2013-10-11T05:43:25","date_gmt":"2013-10-11T05:43:25","guid":{"rendered":"http:\/\/www.fuldaer-nachrichten.de\/?p=115133"},"modified":"2013-10-11T05:43:25","modified_gmt":"2013-10-11T05:43:25","slug":"namensgebung-des-heinrich-von-bibra-saals-in-der-hochschul-landes-und-stadtbibliothek","status":"publish","type":"post","link":"https:\/\/www.fuldaernachrichten.de\/?p=115133","title":{"rendered":"Namensgebung des Heinrich-von-Bibra-Saals in der Hochschul-, Landes- und Stadtbibliothek"},"content":{"rendered":"<p><img decoding=\"async\" class=\"alignleft size-thumbnail wp-image-115134\" alt=\"DSC_0026\" src=\"http:\/\/www.fuldaer-nachrichten.de\/wp-content\/uploads\/2013\/10\/DSC_0026-265x175.jpg\" width=\"265\" height=\"175\" srcset=\"https:\/\/www.fuldaernachrichten.de\/wp-content\/uploads\/2013\/10\/DSC_0026-265x175.jpg 265w, https:\/\/www.fuldaernachrichten.de\/wp-content\/uploads\/2013\/10\/DSC_0026.jpg 600w\" sizes=\"(max-width: 265px) 100vw, 265px\" \/>Fulda (cp). 225 Jahre nach dem Todestag Heinrich von Bibras gedachten die Stadt Fulda, der Fuldaer Geschichtsverein und geschichtsinteressierte B\u00fcrgerinnen wie B\u00fcrger dem herausragenden F\u00fcrstbischof in der Hochschul-, Landes- und Stadtbibliothek. \u201eWir f\u00fchlen uns in der Tradition Heinrich von Bibras der F\u00f6rderung der Bibliotheken verpflichtet, so hat die Stadt den Anbau der Hochschul- und Landesbibliothek mit erheblichen Mitteln finanziert\u201c, hob Oberb\u00fcrgermeister Gerhard M\u00f6ller hervor. Indem er zusammen mit Dr. Marianne Riethm\u00fcller, Leiterin der Hochschul-, Landes- und Stadtbibliothek, dem Kulturamtsleiter Dr. Thomas Heiler und dem Festredner Dr. Berthold J\u00e4ger ein Bild des fr\u00fcheren fuldischen F\u00fcrstbischofs im Multifunktionssaal aufh\u00e4ngte, wurde die Umbenennung des Raumes in \u201eHeinrich-von-Bibra-Saal\u201c offiziell vollzogen.<!--more--><\/p>\n<p><strong>Bildungsreformen<\/strong><br \/>\n<strong>\u00c2\u00a0<\/strong><br \/>\nIn seinem im Rahmen dieser Veranstaltung gehaltenen Festvortrag ging Dr. Berthold J\u00e4ger auf die Bildungspolitik Heinrich von Bibras, der von 1759 bis 1788 regierte, ein und informierte die Anwesenden \u00fcber dessen besondere Verdienste in diesem Bereich. So hob der F\u00fcrstbischof unter anderem das Volksschulwesen auf ein neues Niveau, trieb die Professionalisierung des Lehrerberufs voran, modernisierte die Universit\u00e4t und erreichte durch die eingeleiteten Reformen einen deutlichen Bildungsschub. W\u00e4hrend fr\u00fcher nur Privilegierte, Adelige und M\u00f6nche Zugang zu Bibliotheken hatten, ging er die M\u00e4ngel in der Literaturversorgung an und begann mit dem Aufbau von \u00f6ffentlichen Bibliotheken in Fulda. \u201eHeinrich von Bibra steht f\u00fcr eine aktive Bildungspolitik und hat eine gro\u00dfe Bedeutung f\u00fcr die fuldische Geschichte \u2013 es gibt wenige geistige oder weltliche Herrscher in Fulda, die sich mit ihm messen k\u00f6nnen\u201c, unterstrich Dr. J\u00e4ger.<\/p>\n","protected":false},"excerpt":{"rendered":"<div class=\"tmnf_excerpt\"><p>Fulda (cp). 225 Jahre nach dem Todestag Heinrich von Bibras gedachten die Stadt Fulda, der Fuldaer Geschichtsverein und geschichtsinteressierte B\u00fcrgerinnen wie B\u00fcrger dem herausragenden F\u00fcrstbischof in der Hochschul-, Landes- und Stadtbibliothek. \u201eWir f\u00fchlen uns in der Tradition Heinrich von Bibras der F\u00f6rderung der Bibliotheken verpflichtet, so hat die Stadt den Anbau der Hochschul- und Landesbibliothek &hellip;<\/p>\n<\/div>","protected":false},"author":1,"featured_media":0,"comment_status":"closed","ping_status":"closed","sticky":false,"template":"","format":"standard","meta":{"footnotes":""},"categories":[1],"tags":[],"class_list":["post-115133","post","type-post","status-publish","format-standard","hentry","category-startseite"],"_links":{"self":[{"href":"https:\/\/www.fuldaernachrichten.de\/index.php?rest_route=\/wp\/v2\/posts\/115133","targetHints":{"allow":["GET"]}}],"collection":[{"href":"https:\/\/www.fuldaernachrichten.de\/index.php?rest_route=\/wp\/v2\/posts"}],"about":[{"href":"https:\/\/www.fuldaernachrichten.de\/index.php?rest_route=\/wp\/v2\/types\/post"}],"author":[{"embeddable":true,"href":"https:\/\/www.fuldaernachrichten.de\/index.php?rest_route=\/wp\/v2\/users\/1"}],"replies":[{"embeddable":true,"href":"https:\/\/www.fuldaernachrichten.de\/index.php?rest_route=%2Fwp%2Fv2%2Fcomments&post=115133"}],"version-history":[{"count":1,"href":"https:\/\/www.fuldaernachrichten.de\/index.php?rest_route=\/wp\/v2\/posts\/115133\/revisions"}],"predecessor-version":[{"id":115135,"href":"https:\/\/www.fuldaernachrichten.de\/index.php?rest_route=\/wp\/v2\/posts\/115133\/revisions\/115135"}],"wp:attachment":[{"href":"https:\/\/www.fuldaernachrichten.de\/index.php?rest_route=%2Fwp%2Fv2%2Fmedia&parent=115133"}],"wp:term":[{"taxonomy":"category","embeddable":true,"href":"https:\/\/www.fuldaernachrichten.de\/index.php?rest_route=%2Fwp%2Fv2%2Fcategories&post=115133"},{"taxonomy":"post_tag","embeddable":true,"href":"https:\/\/www.fuldaernachrichten.de\/index.php?rest_route=%2Fwp%2Fv2%2Ftags&post=115133"}],"curies":[{"name":"wp","href":"https:\/\/api.w.org\/{rel}","templated":true}]}}