{"id":115128,"date":"2013-10-11T05:40:46","date_gmt":"2013-10-11T05:40:46","guid":{"rendered":"http:\/\/www.fuldaer-nachrichten.de\/?p=115128"},"modified":"2013-10-11T05:40:46","modified_gmt":"2013-10-11T05:40:46","slug":"israelfahrt-noch-freie-plaetze-anmeldeschluss-20-10-2013","status":"publish","type":"post","link":"https:\/\/www.fuldaernachrichten.de\/?p=115128","title":{"rendered":"Israelfahrt noch freie Pl\u00e4tze &#8211; Anmeldeschluss 20.10.2013"},"content":{"rendered":"<p>Fulda. Das B\u00fcro f\u00fcr Trauerarbeit im Bistum Fulda bietet eine Reise nach Israel vom 05.-13. Januar 2013 an. Gruppenleitung hat der Di\u00f6zesanseelsorger f\u00fcr Trauernde im Bistum Fulda, Werner Gutheil. Die Reise beginnt mit einem ersten H\u00f6hepunkt. Da das orthodoxe Weihnachtsfest am 6. Januar stattfindet, wird der Besuch in Bethlehem sicherlich einen besonderen Charakter haben. Weiter angeboten werden Jerusalem, Berg Zion, Tempelberg, mit Al Aksa Moschee und dem Felsendom, die Klagemauer, Auferstehungskirche. In Jerusalem kommt es zu einer Begegnung mit Pater Jonas (Manfred Trageser) Priester der Di\u00f6zese Fulda, der in der Dormitioabtei seit 2001 Benediktiner ist. Auf der Reise k\u00f6nnen immer wieder Einzelgespr\u00e4che mit ihm gef\u00fchrt werden. Anmeldeschluss ist der 20. Oktober 2013. Angestrebt ist die Reise in einer kleinen Gruppe von 15 Personen und kostet dann 1395 \u00e2\u201a\u00ac, bei 20 Personen 1315 \u00e2\u201a\u00ac im Doppelzimmer, inklusiv Flug, (Einzelzimmerzuschlag: 256 \u00e2\u201a\u00ac) Informationen zur Reise k\u00f6nnen im B\u00fcro f\u00fcr Trauerarbeit Rh\u00f6nstra\u00dfe 8, 63 450 Hanau Tel. 06181- 42 898 44 oder \u00fcber das Di\u00f6zesansekretariat f\u00fcr Trauernde im Bistum Fulda 0661- 87 579 oder per E-Mail: info@trauern-warum-allein.de angefordert werden.<\/p>\n","protected":false},"excerpt":{"rendered":"<div class=\"tmnf_excerpt\"><p>Fulda. Das B\u00fcro f\u00fcr Trauerarbeit im Bistum Fulda bietet eine Reise nach Israel vom 05.-13. Januar 2013 an. Gruppenleitung hat der Di\u00f6zesanseelsorger f\u00fcr Trauernde im Bistum Fulda, Werner Gutheil. Die Reise beginnt mit einem ersten H\u00f6hepunkt. Da das orthodoxe Weihnachtsfest am 6. Januar stattfindet, wird der Besuch in Bethlehem sicherlich einen besonderen Charakter haben. Weiter &hellip;<\/p>\n<\/div>","protected":false},"author":1,"featured_media":0,"comment_status":"closed","ping_status":"closed","sticky":false,"template":"","format":"standard","meta":{"footnotes":""},"categories":[1],"tags":[],"class_list":["post-115128","post","type-post","status-publish","format-standard","hentry","category-startseite"],"_links":{"self":[{"href":"https:\/\/www.fuldaernachrichten.de\/index.php?rest_route=\/wp\/v2\/posts\/115128","targetHints":{"allow":["GET"]}}],"collection":[{"href":"https:\/\/www.fuldaernachrichten.de\/index.php?rest_route=\/wp\/v2\/posts"}],"about":[{"href":"https:\/\/www.fuldaernachrichten.de\/index.php?rest_route=\/wp\/v2\/types\/post"}],"author":[{"embeddable":true,"href":"https:\/\/www.fuldaernachrichten.de\/index.php?rest_route=\/wp\/v2\/users\/1"}],"replies":[{"embeddable":true,"href":"https:\/\/www.fuldaernachrichten.de\/index.php?rest_route=%2Fwp%2Fv2%2Fcomments&post=115128"}],"version-history":[{"count":1,"href":"https:\/\/www.fuldaernachrichten.de\/index.php?rest_route=\/wp\/v2\/posts\/115128\/revisions"}],"predecessor-version":[{"id":115129,"href":"https:\/\/www.fuldaernachrichten.de\/index.php?rest_route=\/wp\/v2\/posts\/115128\/revisions\/115129"}],"wp:attachment":[{"href":"https:\/\/www.fuldaernachrichten.de\/index.php?rest_route=%2Fwp%2Fv2%2Fmedia&parent=115128"}],"wp:term":[{"taxonomy":"category","embeddable":true,"href":"https:\/\/www.fuldaernachrichten.de\/index.php?rest_route=%2Fwp%2Fv2%2Fcategories&post=115128"},{"taxonomy":"post_tag","embeddable":true,"href":"https:\/\/www.fuldaernachrichten.de\/index.php?rest_route=%2Fwp%2Fv2%2Ftags&post=115128"}],"curies":[{"name":"wp","href":"https:\/\/api.w.org\/{rel}","templated":true}]}}