{"id":115124,"date":"2013-10-10T00:09:37","date_gmt":"2013-10-10T00:09:37","guid":{"rendered":"http:\/\/www.fuldaer-nachrichten.de\/?p=115124"},"modified":"2013-10-10T07:17:02","modified_gmt":"2013-10-10T07:17:02","slug":"grundschule-bimbach-einer-der-vorreiter-bei-nachmittagsbetreuung-85-prozent-der-schueler-nutzen-angebot","status":"publish","type":"post","link":"https:\/\/www.fuldaernachrichten.de\/?p=115124","title":{"rendered":"Grundschule Bimbach einer der Vorreiter bei Nachmittagsbetreuung &#8211; 85 % der Sch\u00fcler nutzen Angebot"},"content":{"rendered":"<p><img fetchpriority=\"high\" decoding=\"async\" class=\"alignnone size-full wp-image-115125\" alt=\"449-Grundschule Bimbach\" src=\"http:\/\/www.fuldaer-nachrichten.de\/wp-content\/uploads\/2013\/10\/449-Grundschule-Bimbach.jpg\" width=\"560\" height=\"360\" \/><\/p>\n<p>Bimbach. Unterrichtsbeginn zu unterschiedlichen Zeiten \u2013 an der Grundschule im Gro\u00dfenl\u00fcderer Ortsteil Bimbach war das vor 13 Jahren der Normalfall. Doch als Gisela Juch die Schulleitung \u00fcbernahm, sollte das schnell anders werden. \u201eVielleicht lag das auch an meinen Erfahrungen als Lehrerin an th\u00fcringischen Schulen\u201c, erz\u00e4hlt die geb\u00fcrtige Th\u00fcringerin. Dort sei es normal gewesen, dass Frauen arbeiteten, so dass es f\u00fcr Kinder ganz selbstverst\u00e4ndlich schon fr\u00fch morgens eine Betreuung in der Schule gab. Vor diesem Hintergrund testete die Schulleiterin das auch in Bimbach \u2013 mit Erfolg, und z\u00e4hlte damit zu den Vorreitern.<!--more--><\/p>\n<p>\u201eDank des Landkreises konnten wir schon bald eine kostenfreie Betreuung ab halb acht Uhr morgens anbieten, rund 30 Prozent der Eltern nahmen das Angebot wahr.\u201c Schnell meldeten die Familien auch den Bedarf einer Nachmittagsbetreuung an: \u201eGro\u00dfenl\u00fcder bot sie zuerst an und wir zogen nach. Innerhalb eines Vierteljahres, mit gro\u00dfer Unterst\u00fctzung eines engagierten F\u00f6rdervereins, habe wir auch diese quasi aus dem Boden gestampft\u201c, blickt Juch zur\u00fcck.<\/p>\n<p>Heute nutzen 85 Prozent der 86 Sch\u00fcler das komplette Angebot der Schule. Zeitlich bedeutet das, dass sie sich bis 16 Uhr in den R\u00e4umen der Bimbacher Grundschule aufhalten. \u201eAber f\u00fcr uns bedeutet Nachmittagsbetreuung nat\u00fcrlich auch eine qualitativ hochwertige Betreuung\u201c, erz\u00e4hlt die Schulleiterin. Deshalb gibt es verschiedene Arbeitsgemeinschaften: \u201eJeweils f\u00fcr ein Halbjahr k\u00f6nnen sich die Sch\u00fcler je nach pers\u00f6nlichem Interesse anmelden\u201c, erkl\u00e4rt Barbara Schneider-Mayer. Die Lehrerin ist f\u00fcr den organisatorischen Part der Nachmittagsbetreuung zust\u00e4ndig. W\u00e4hlen k\u00f6nnen die Grundsch\u00fcler aus dem thematisch breit gef\u00e4cherten Angebot wie Junge Forscher, Sportball, Brettspiele, Basteln, Sticken und N\u00e4hen, Kartengestaltung am PC, Literatur und, und, und. F\u00fcr die Eltern ist diese nicht nur kostenfrei, viele erm\u00f6glichen eine AG dadurch, dass sie einen Kurs selbst anbieten.<\/p>\n<p>Das Engagement der Eltern sei laut Juch mitunter \u00fcberw\u00e4ltigend: \u201eAls wir bei der Mini-WM teilnahmen, haben wir eingeladen, Fanartikel zu basteln\u201c, erz\u00e4hlt sie und f\u00fcgt mit einem Lachen an: \u201eWir hatten mit zehn Erwachsenen gerechnet und rund 40 kamen.\u201c Auch wenn die Nachwuchsfu\u00dfballer nicht auf dem Siegertreppchen landeten, der Titel f\u00fcr die beste Fangemeinde konnten sich die Bimbacher sichern.<\/p>\n<p>Doch die Mitarbeit der Erwachsenen umfasst weit mehr: \u201eWir haben gl\u00fccklicherweise einen kompetent besetzten F\u00f6rderverein, der sich auch mit inhaltlichen Fragen besch\u00e4ftigt\u201c, freut sich die Schulleiterin. Denn so ist zum Beispiel das neueste Projekt \u201eNaturnaher Spielraum\u201c \u00fcberhaupt ins Rollen gekommen. Seit 13 Jahren spart das Kleiderbasar-Team des F\u00f6rdervereins Geld, um auf einem Gel\u00e4nde in der N\u00e4he der Schule einen Ort zu schaffen, an dem die Kinder wieder den Bezug zur Natur lernen. Dort gibt es zwar keine \u00fcblichen Spielger\u00e4te, daf\u00fcr aber einen Barfu\u00dfpfad, Weidenk\u00e4tzchentipis und Kletterb\u00e4ume, auf denen die Bimbacher Sch\u00fcler toben d\u00fcrfen. Der Ort soll zudem zu einem Treffpunkt werden: \u201eWir pflegen zum Beispiel den Kontakt zum Haus Arche Noah, in dem Menschen mit Behinderung leben, sowie zur Seniorentagespflege\u201c, erz\u00e4hlt Juch.<\/p>\n<p>Die Grundsch\u00fcler sind aktiv in das Gemeindeleben integriert, sie machen beispielsweise mit bei Aktionen wie dem Adventskalender, bei dem die gesamte Schule ein Theaterst\u00fcck aufgef\u00fchrt hat, und zeigen ihr musikalisches K\u00f6nnen bei Veranstaltungen. Letzteres kommt nicht von ungef\u00e4hr: In Zusammenarbeit mit der Musikschule des Landkreises Fulda haben die Bimbacher Sch\u00fcler im Rahmen des Angebots \u201eJedem Kind ein Instrument\u201c (JeKi) Gelegenheit, ihr musikalisches Talent zu entdecken. \u201eIn der ersten Klasse erhalten alle gemeinsam eine musikalische Grundausbildung, danach k\u00f6nnen sich die Sch\u00fcler freiwillig f\u00fcr das Erlernen eines Instruments entscheiden\u201c, erkl\u00e4rt Schneider-Mayer. Ein Angebot, das die Sch\u00fcler gerne wahrnehmen. \u201eWir mussten sogar anbauen\u201c, erz\u00e4hlt Juch. Vor einiger Zeit hat der Landkreis n\u00e4mlich einen Anbau f\u00fcr einen zus\u00e4tzlichen Raum erm\u00f6glicht \u2013 mit viel Platz f\u00fcr alle Instrumente und musizierfreudige Sch\u00fcler.<\/p>\n<p>&nbsp;<\/p>\n","protected":false},"excerpt":{"rendered":"<div class=\"tmnf_excerpt\"><p>Bimbach. Unterrichtsbeginn zu unterschiedlichen Zeiten \u2013 an der Grundschule im Gro\u00dfenl\u00fcderer Ortsteil Bimbach war das vor 13 Jahren der Normalfall. Doch als Gisela Juch die Schulleitung \u00fcbernahm, sollte das schnell anders werden. \u201eVielleicht lag das auch an meinen Erfahrungen als Lehrerin an th\u00fcringischen Schulen\u201c, erz\u00e4hlt die geb\u00fcrtige Th\u00fcringerin. Dort sei es normal gewesen, dass Frauen &hellip;<\/p>\n<\/div>","protected":false},"author":1,"featured_media":0,"comment_status":"closed","ping_status":"closed","sticky":false,"template":"","format":"standard","meta":{"footnotes":""},"categories":[1,53,78],"tags":[],"class_list":["post-115124","post","type-post","status-publish","format-standard","hentry","category-startseite","category-bildung","category-topthema"],"_links":{"self":[{"href":"https:\/\/www.fuldaernachrichten.de\/index.php?rest_route=\/wp\/v2\/posts\/115124","targetHints":{"allow":["GET"]}}],"collection":[{"href":"https:\/\/www.fuldaernachrichten.de\/index.php?rest_route=\/wp\/v2\/posts"}],"about":[{"href":"https:\/\/www.fuldaernachrichten.de\/index.php?rest_route=\/wp\/v2\/types\/post"}],"author":[{"embeddable":true,"href":"https:\/\/www.fuldaernachrichten.de\/index.php?rest_route=\/wp\/v2\/users\/1"}],"replies":[{"embeddable":true,"href":"https:\/\/www.fuldaernachrichten.de\/index.php?rest_route=%2Fwp%2Fv2%2Fcomments&post=115124"}],"version-history":[{"count":2,"href":"https:\/\/www.fuldaernachrichten.de\/index.php?rest_route=\/wp\/v2\/posts\/115124\/revisions"}],"predecessor-version":[{"id":115127,"href":"https:\/\/www.fuldaernachrichten.de\/index.php?rest_route=\/wp\/v2\/posts\/115124\/revisions\/115127"}],"wp:attachment":[{"href":"https:\/\/www.fuldaernachrichten.de\/index.php?rest_route=%2Fwp%2Fv2%2Fmedia&parent=115124"}],"wp:term":[{"taxonomy":"category","embeddable":true,"href":"https:\/\/www.fuldaernachrichten.de\/index.php?rest_route=%2Fwp%2Fv2%2Fcategories&post=115124"},{"taxonomy":"post_tag","embeddable":true,"href":"https:\/\/www.fuldaernachrichten.de\/index.php?rest_route=%2Fwp%2Fv2%2Ftags&post=115124"}],"curies":[{"name":"wp","href":"https:\/\/api.w.org\/{rel}","templated":true}]}}