{"id":115115,"date":"2013-10-10T00:17:13","date_gmt":"2013-10-10T00:17:13","guid":{"rendered":"http:\/\/www.fuldaer-nachrichten.de\/?p=115115"},"modified":"2013-10-10T06:51:03","modified_gmt":"2013-10-10T06:51:03","slug":"re-zertifizierung-der-lehranstalt-fuer-altenpflege-mit-erfolg-bestanden","status":"publish","type":"post","link":"https:\/\/www.fuldaernachrichten.de\/?p=115115","title":{"rendered":"Re-Zertifizierung der Lehranstalt f\u00fcr Altenpflege: \u201eMit Erfolg bestanden\u201c"},"content":{"rendered":"<p><b><img fetchpriority=\"high\" decoding=\"async\" class=\"alignleft size-thumbnail wp-image-115116\" alt=\"zu_60-cs_Re-Zertifizierung Altenpflegeschule_2013_IMG_1217\" src=\"http:\/\/www.fuldaer-nachrichten.de\/wp-content\/uploads\/2013\/10\/zu_60-cs_Re-Zertifizierung-Altenpflegeschule_2013_IMG_1217-265x212.jpg\" width=\"265\" height=\"212\" srcset=\"https:\/\/www.fuldaernachrichten.de\/wp-content\/uploads\/2013\/10\/zu_60-cs_Re-Zertifizierung-Altenpflegeschule_2013_IMG_1217-265x212.jpg 265w, https:\/\/www.fuldaernachrichten.de\/wp-content\/uploads\/2013\/10\/zu_60-cs_Re-Zertifizierung-Altenpflegeschule_2013_IMG_1217.jpg 600w\" sizes=\"(max-width: 265px) 100vw, 265px\" \/>Fulda (cif). <\/b>K\u00fcrzlich stellte sich die Fuldaer Lehranstalt f\u00fcr Altenpflege einer so genannten Re-Zertifizierung: Ein unabh\u00e4ngiger Auditor der Cert EuropA pr\u00fcfte die Caritas-Altenpflegeschule hinsichtlich ihrer Kursorganisation, Unterrichtsqualit\u00e4t sowie ihrer Sch\u00fclerakquise-, Beratungst\u00e4tigkeit und Weitervermittlung. Die \u00dcberpr\u00fcfung fand gem\u00e4\u00df der so genannten Akkreditierungs- und Zulassungsverordnung Arbeitsf\u00f6rderung (AZAV) statt.<\/p>\n<p>Im Ergebnis gab es keinerlei Beanstandungen. Positiv hervorgehoben wurden ausdr\u00fccklich die Organisationsstruktur der Schule sowie die sehr gute inhaltliche Gestaltung der Ausbildung. Der Altenpflegeschule wurde die Zertifizierungsurkunde entsprechend zuerkannt. Der Caritas-Lehranstalt wurde dar\u00fcber hinaus \u00c2\u00a0im Zuge der Qualit\u00e4ts\u00fcberpr\u00fcfung wieder die Berechtigung erteilt, Sch\u00fcler mit Bildungsgutschein der Agentur f\u00fcr Arbeit auszubilden.<!--more--><\/p>\n<p>Di\u00f6zesan-Caritasdirektor Dr. Markus Juch zeigte sich entsprechend erfreut \u00fcber das gute Ergebnis: \u201eEin herzliches Dankesch\u00f6n sowohl an Schulleiterin Dajana Herbst und ihre Team sowie an das Leitungsteam des Ressorts Altenhilfe um Achim Eng.\u00c2\u00a0 Die Altenpflegeschule ist eine wesentliche Visitenkarte unseres Verbandes und seiner Altenhilfe\u201c, betonte Juch. \u201eHier bilden wir junge Menschen in einem Beruf aus, der gesellschaftlich von immer gr\u00f6\u00dferer Bedeutung ist. Dementsprechend wollen wir nat\u00fcrlich h\u00f6chste Ausbildungsqualit\u00e4t haben. Die examinierten Altenpflegerinnen und Altenpfleger arbeiten anschlie\u00dfend sowohl\u00c2\u00a0 in unseren eigenen Einrichtungen als auch in Pflegeheimen anderer Tr\u00e4ger. Wir w\u00fcnschen uns, dass sich wohl und sicher f\u00fchlen in ihrem Beruf, und dass \u00c2\u00a0unsere Bewohner genauso wie die Senioren in den anderen Einrichtungen mit den Pflegekr\u00e4ften rundum zufrieden sind!\u201c<\/p>\n","protected":false},"excerpt":{"rendered":"<div class=\"tmnf_excerpt\"><p>Fulda (cif). K\u00fcrzlich stellte sich die Fuldaer Lehranstalt f\u00fcr Altenpflege einer so genannten Re-Zertifizierung: Ein unabh\u00e4ngiger Auditor der Cert EuropA pr\u00fcfte die Caritas-Altenpflegeschule hinsichtlich ihrer Kursorganisation, Unterrichtsqualit\u00e4t sowie ihrer Sch\u00fclerakquise-, Beratungst\u00e4tigkeit und Weitervermittlung. Die \u00dcberpr\u00fcfung fand gem\u00e4\u00df der so genannten Akkreditierungs- und Zulassungsverordnung Arbeitsf\u00f6rderung (AZAV) statt. Im Ergebnis gab es keinerlei Beanstandungen. Positiv hervorgehoben wurden &hellip;<\/p>\n<\/div>","protected":false},"author":1,"featured_media":0,"comment_status":"closed","ping_status":"closed","sticky":false,"template":"","format":"standard","meta":{"footnotes":""},"categories":[1],"tags":[],"class_list":["post-115115","post","type-post","status-publish","format-standard","hentry","category-startseite"],"_links":{"self":[{"href":"https:\/\/www.fuldaernachrichten.de\/index.php?rest_route=\/wp\/v2\/posts\/115115","targetHints":{"allow":["GET"]}}],"collection":[{"href":"https:\/\/www.fuldaernachrichten.de\/index.php?rest_route=\/wp\/v2\/posts"}],"about":[{"href":"https:\/\/www.fuldaernachrichten.de\/index.php?rest_route=\/wp\/v2\/types\/post"}],"author":[{"embeddable":true,"href":"https:\/\/www.fuldaernachrichten.de\/index.php?rest_route=\/wp\/v2\/users\/1"}],"replies":[{"embeddable":true,"href":"https:\/\/www.fuldaernachrichten.de\/index.php?rest_route=%2Fwp%2Fv2%2Fcomments&post=115115"}],"version-history":[{"count":1,"href":"https:\/\/www.fuldaernachrichten.de\/index.php?rest_route=\/wp\/v2\/posts\/115115\/revisions"}],"predecessor-version":[{"id":115117,"href":"https:\/\/www.fuldaernachrichten.de\/index.php?rest_route=\/wp\/v2\/posts\/115115\/revisions\/115117"}],"wp:attachment":[{"href":"https:\/\/www.fuldaernachrichten.de\/index.php?rest_route=%2Fwp%2Fv2%2Fmedia&parent=115115"}],"wp:term":[{"taxonomy":"category","embeddable":true,"href":"https:\/\/www.fuldaernachrichten.de\/index.php?rest_route=%2Fwp%2Fv2%2Fcategories&post=115115"},{"taxonomy":"post_tag","embeddable":true,"href":"https:\/\/www.fuldaernachrichten.de\/index.php?rest_route=%2Fwp%2Fv2%2Ftags&post=115115"}],"curies":[{"name":"wp","href":"https:\/\/api.w.org\/{rel}","templated":true}]}}