{"id":115113,"date":"2013-10-10T00:12:12","date_gmt":"2013-10-10T00:12:12","guid":{"rendered":"http:\/\/www.fuldaer-nachrichten.de\/?p=115113"},"modified":"2013-10-10T06:49:52","modified_gmt":"2013-10-10T06:49:52","slug":"europaparlament-stimmt-fuer-leichtere-anerkennung-von-berufsqualifikationen","status":"publish","type":"post","link":"https:\/\/www.fuldaernachrichten.de\/?p=115113","title":{"rendered":"Europaparlament stimmt f\u00fcr leichtere Anerkennung von Berufsqualifikationen"},"content":{"rendered":"<p>Kassel. Die Freiz\u00fcgigkeit ist eine der vier Grundfreiheiten der Europ\u00e4ischen Union. Der Abbau von H\u00fcrden bei der grenz\u00fcberschreitenden Jobsuche geh\u00f6rte deswegen schon zu den Priorit\u00e4ten, als die europ\u00e4ische Integration noch in den Kinderschuhen steckte. Am Mittwoch stimmten die Europaabgeordneten in Stra\u00dfburg f\u00fcr weitere Verbesserungen. Mit der Reform der Richtlinie \u00fcber die Anerkennung von Berufsqualifikationen werden Ausbildungen k\u00fcnftig noch schneller europaweit anerkannt.<!--more--><\/p>\n<p>&#8220;Mit dem Europ\u00e4ischen Berufsausweis \u00f6ffnen sich b\u00fcrokratische Schranken, die bisher die Mobilit\u00e4t von Arbeitnehmerinnen und Arbeitnehmern behinderten. Diese elektronische Bescheinigung war eine zentrale sozialdemokratische Forderung. Sie garantiert eine unkomplizierte Anerkennung von Berufsqualifikationen&#8221;, begr\u00fc\u00dfte die SPD-Europaabgeordnete Barbara WEILER diese Neuregelung.<\/p>\n<p>Ein Schwerpunkt der Reform lag auf der Weiterentwicklung von Gesundheitsberufen: &#8220;Die Sicherheit von Patientinnen und Patienten stand f\u00fcr uns Sozialdemokraten im Vordergrund&#8221;, erl\u00e4uterte die Binnenmarktexpertin Barbara WEILER. &#8220;Ein neu eingef\u00fchrter &#8216;Vorwarnmechanismus&#8217; schafft mehr Transparenz und sch\u00fctzt vor \u00c4rzten, gegen die in einem EU-Land ein Berufsverbot verh\u00e4ngt wurde. Au\u00dferdem d\u00fcrfen Mitgliedstaaten im Gesundheitsbereich die Sprachkenntnisse \u00fcberpr\u00fcfen&#8221;, so die Nordhessin weiter.<\/p>\n<p>Dar\u00fcber hinaus werden die Mindestbildungsanforderungen zahlreicher Berufsgruppen mit der Revision der bisherigen Richtlinie aktualisiert. F\u00fcr Gesundheitsfachkr\u00e4fte sind sowohl zw\u00f6lf als auch &#8211; wie in Deutschland &#8211; zehn Jahre Schulbildung zul\u00e4ssig. Ein Kompetenzkatalog listet F\u00e4higkeiten auf, die alle Krankenschwestern und -pfleger in der EU nachweisen m\u00fcssen. &#8220;Die Mitgliedstaaten haben die Verpflichtung, der EU-Kommission \u00fcber die Umsetzung des Kompetenzkatalogs zu berichten. Dies wird auch in Deutschland eine konstruktive Debatte zu Arbeits- und Ausbildungsbedingungen von Gesundheitsfachkr\u00e4ften ansto\u00dfen&#8221;, beschrieb Barbara WEILER ihre Erwartungen an das Gesetz.<\/p>\n","protected":false},"excerpt":{"rendered":"<div class=\"tmnf_excerpt\"><p>Kassel. Die Freiz\u00fcgigkeit ist eine der vier Grundfreiheiten der Europ\u00e4ischen Union. Der Abbau von H\u00fcrden bei der grenz\u00fcberschreitenden Jobsuche geh\u00f6rte deswegen schon zu den Priorit\u00e4ten, als die europ\u00e4ische Integration noch in den Kinderschuhen steckte. Am Mittwoch stimmten die Europaabgeordneten in Stra\u00dfburg f\u00fcr weitere Verbesserungen. Mit der Reform der Richtlinie \u00fcber die Anerkennung von Berufsqualifikationen werden &hellip;<\/p>\n<\/div>","protected":false},"author":1,"featured_media":0,"comment_status":"closed","ping_status":"closed","sticky":false,"template":"","format":"standard","meta":{"footnotes":""},"categories":[1,53,29],"tags":[],"class_list":["post-115113","post","type-post","status-publish","format-standard","hentry","category-startseite","category-bildung","category-politik"],"_links":{"self":[{"href":"https:\/\/www.fuldaernachrichten.de\/index.php?rest_route=\/wp\/v2\/posts\/115113","targetHints":{"allow":["GET"]}}],"collection":[{"href":"https:\/\/www.fuldaernachrichten.de\/index.php?rest_route=\/wp\/v2\/posts"}],"about":[{"href":"https:\/\/www.fuldaernachrichten.de\/index.php?rest_route=\/wp\/v2\/types\/post"}],"author":[{"embeddable":true,"href":"https:\/\/www.fuldaernachrichten.de\/index.php?rest_route=\/wp\/v2\/users\/1"}],"replies":[{"embeddable":true,"href":"https:\/\/www.fuldaernachrichten.de\/index.php?rest_route=%2Fwp%2Fv2%2Fcomments&post=115113"}],"version-history":[{"count":1,"href":"https:\/\/www.fuldaernachrichten.de\/index.php?rest_route=\/wp\/v2\/posts\/115113\/revisions"}],"predecessor-version":[{"id":115114,"href":"https:\/\/www.fuldaernachrichten.de\/index.php?rest_route=\/wp\/v2\/posts\/115113\/revisions\/115114"}],"wp:attachment":[{"href":"https:\/\/www.fuldaernachrichten.de\/index.php?rest_route=%2Fwp%2Fv2%2Fmedia&parent=115113"}],"wp:term":[{"taxonomy":"category","embeddable":true,"href":"https:\/\/www.fuldaernachrichten.de\/index.php?rest_route=%2Fwp%2Fv2%2Fcategories&post=115113"},{"taxonomy":"post_tag","embeddable":true,"href":"https:\/\/www.fuldaernachrichten.de\/index.php?rest_route=%2Fwp%2Fv2%2Ftags&post=115113"}],"curies":[{"name":"wp","href":"https:\/\/api.w.org\/{rel}","templated":true}]}}