{"id":115111,"date":"2013-10-10T00:10:38","date_gmt":"2013-10-10T00:10:38","guid":{"rendered":"http:\/\/www.fuldaer-nachrichten.de\/?p=115111"},"modified":"2013-10-10T06:48:56","modified_gmt":"2013-10-10T06:48:56","slug":"herbstferienbetreuung-im-ausblick","status":"publish","type":"post","link":"https:\/\/www.fuldaernachrichten.de\/?p=115111","title":{"rendered":"Herbstferienbetreuung im aus:Blick"},"content":{"rendered":"<p>Fulda. Von Montag, 14., bis Freitag, 25. Oktober, findet t\u00e4glich von 8.00 bis 17.00 Uhr im \u201eaus:Blick\u201c (Haimbacher Stra\u00dfe 28, Fulda), eine Ferien- und Freizeitbetreuung f\u00fcr Kinder und Jugendliche mit und ohne Behinderung statt. Spielen, Freizeitsport und Ausfl\u00fcge sorgen f\u00fcr ein abwechslungsreiches Programm. Die K\u00fcche des Antoniusheims sorgt f\u00fcr ein leckeres Mittagessen. Informationen und Anmeldung bei Susann Kuppardt unter Telefon (0661) 5005942, oder per Mail susann.kupphardt@antoniusheim-fulda.de.<\/p>\n<p>&nbsp;<\/p>\n<p>&nbsp;<\/p>\n","protected":false},"excerpt":{"rendered":"<div class=\"tmnf_excerpt\"><p>Fulda. Von Montag, 14., bis Freitag, 25. Oktober, findet t\u00e4glich von 8.00 bis 17.00 Uhr im \u201eaus:Blick\u201c (Haimbacher Stra\u00dfe 28, Fulda), eine Ferien- und Freizeitbetreuung f\u00fcr Kinder und Jugendliche mit und ohne Behinderung statt. Spielen, Freizeitsport und Ausfl\u00fcge sorgen f\u00fcr ein abwechslungsreiches Programm. Die K\u00fcche des Antoniusheims sorgt f\u00fcr ein leckeres Mittagessen. Informationen und Anmeldung &hellip;<\/p>\n<\/div>","protected":false},"author":1,"featured_media":0,"comment_status":"closed","ping_status":"closed","sticky":false,"template":"","format":"standard","meta":{"footnotes":""},"categories":[1],"tags":[],"class_list":["post-115111","post","type-post","status-publish","format-standard","hentry","category-startseite"],"_links":{"self":[{"href":"https:\/\/www.fuldaernachrichten.de\/index.php?rest_route=\/wp\/v2\/posts\/115111","targetHints":{"allow":["GET"]}}],"collection":[{"href":"https:\/\/www.fuldaernachrichten.de\/index.php?rest_route=\/wp\/v2\/posts"}],"about":[{"href":"https:\/\/www.fuldaernachrichten.de\/index.php?rest_route=\/wp\/v2\/types\/post"}],"author":[{"embeddable":true,"href":"https:\/\/www.fuldaernachrichten.de\/index.php?rest_route=\/wp\/v2\/users\/1"}],"replies":[{"embeddable":true,"href":"https:\/\/www.fuldaernachrichten.de\/index.php?rest_route=%2Fwp%2Fv2%2Fcomments&post=115111"}],"version-history":[{"count":1,"href":"https:\/\/www.fuldaernachrichten.de\/index.php?rest_route=\/wp\/v2\/posts\/115111\/revisions"}],"predecessor-version":[{"id":115112,"href":"https:\/\/www.fuldaernachrichten.de\/index.php?rest_route=\/wp\/v2\/posts\/115111\/revisions\/115112"}],"wp:attachment":[{"href":"https:\/\/www.fuldaernachrichten.de\/index.php?rest_route=%2Fwp%2Fv2%2Fmedia&parent=115111"}],"wp:term":[{"taxonomy":"category","embeddable":true,"href":"https:\/\/www.fuldaernachrichten.de\/index.php?rest_route=%2Fwp%2Fv2%2Fcategories&post=115111"},{"taxonomy":"post_tag","embeddable":true,"href":"https:\/\/www.fuldaernachrichten.de\/index.php?rest_route=%2Fwp%2Fv2%2Ftags&post=115111"}],"curies":[{"name":"wp","href":"https:\/\/api.w.org\/{rel}","templated":true}]}}