{"id":115109,"date":"2013-10-10T00:12:55","date_gmt":"2013-10-10T00:12:55","guid":{"rendered":"http:\/\/www.fuldaer-nachrichten.de\/?p=115109"},"modified":"2013-10-10T06:46:20","modified_gmt":"2013-10-10T06:46:20","slug":"expertenchat-wenn-stress-krank-macht-der-schwenninger-krankenkasse","status":"publish","type":"post","link":"https:\/\/www.fuldaernachrichten.de\/?p=115109","title":{"rendered":"Expertenchat \u201eWenn Stress krank macht\u201c der Schwenninger Krankenkasse"},"content":{"rendered":"<p>Villingen-Schwenningen. Wenn Herausforderungen \u00fcberfordern und Frustration den Alltag beherrscht, kann es schnell zum Burnout kommen. Burnout beschreibt eine k\u00f6rperliche, emotionale und geistige Ersch\u00f6pfung aufgrund von Dauerstress. Bereits jeder zweite Jugendliche zwischen 18 und 34 gibt in einer repr\u00e4sentativen Umfrage der Schwenninger Krankenkasse und der Stiftung \u201eDie Gesundarbeiter \u2013 Zukunftsverantwortung Gesundheit\u201c an, sich oft gestresst zu f\u00fchlen. Welche M\u00f6glichkeiten es gibt, dem Ausgebrannt-Sein vorzubeugen und was Betroffene tun k\u00f6nnen, erkl\u00e4rt Berater und Coach Volker Tepp am 14. Oktober im Expertenchat der Schwenninger Krankenkasse zum Thema \u201eWenn Stress krank macht\u201c. <!--more--><\/p>\n<p>St\u00e4ndige \u00dcberforderung im Beruf oder Privatleben kann zu einem Gef\u00fchl der Ohnmacht f\u00fchren. Menschen mit Burnout f\u00fchlen sich gleichg\u00fcltig, mutlos und haben keinen Spa\u00df mehr an ihrer T\u00e4tigkeit. Kleinigkeiten, \u00fcber die man fr\u00fcher hinweggesehen hat, werden pl\u00f6tzlich unertr\u00e4glich und Misserfolge scheinen t\u00e4glich aufzutreten. Fehlende Anerkennung sowie die zunehmende Distanz zu Beruf, Freunden und Familie enden dann h\u00e4ufig in einem Gef\u00fchl der inneren Leere. Bei Betroffenen besteht au\u00dferdem eine erh\u00f6hte Suchtgefahr. \u201eEin Burnout kann sich zu einer Depression entwickeln. In manchen F\u00e4llen besteht sogar die Gefahr eines mentalen und physischen Zusammenbruchs\u201c, sagt Dr. Tanja Katrin Hantke, Gesundheitsexpertin der Schwenninger. \u201eMit dem Expertenchat wollen wir unsere Kunden informieren und aufkl\u00e4ren.\u201c<\/p>\n<p>Der Expertenchat der Schwenninger findet am 14. Oktober von 20 Uhr bis 21.30 Uhr statt. Interessierte k\u00f6nnen sich kostenlos unter www.Die-Schwenninger.portal-gesundheitonline.de\/ anmelden und bereits im Vorfeld Fragen stellen.<\/p>\n","protected":false},"excerpt":{"rendered":"<div class=\"tmnf_excerpt\"><p>Villingen-Schwenningen. Wenn Herausforderungen \u00fcberfordern und Frustration den Alltag beherrscht, kann es schnell zum Burnout kommen. Burnout beschreibt eine k\u00f6rperliche, emotionale und geistige Ersch\u00f6pfung aufgrund von Dauerstress. Bereits jeder zweite Jugendliche zwischen 18 und 34 gibt in einer repr\u00e4sentativen Umfrage der Schwenninger Krankenkasse und der Stiftung \u201eDie Gesundarbeiter \u2013 Zukunftsverantwortung Gesundheit\u201c an, sich oft gestresst zu &hellip;<\/p>\n<\/div>","protected":false},"author":1,"featured_media":0,"comment_status":"closed","ping_status":"closed","sticky":false,"template":"","format":"standard","meta":{"footnotes":""},"categories":[1],"tags":[],"class_list":["post-115109","post","type-post","status-publish","format-standard","hentry","category-startseite"],"_links":{"self":[{"href":"https:\/\/www.fuldaernachrichten.de\/index.php?rest_route=\/wp\/v2\/posts\/115109","targetHints":{"allow":["GET"]}}],"collection":[{"href":"https:\/\/www.fuldaernachrichten.de\/index.php?rest_route=\/wp\/v2\/posts"}],"about":[{"href":"https:\/\/www.fuldaernachrichten.de\/index.php?rest_route=\/wp\/v2\/types\/post"}],"author":[{"embeddable":true,"href":"https:\/\/www.fuldaernachrichten.de\/index.php?rest_route=\/wp\/v2\/users\/1"}],"replies":[{"embeddable":true,"href":"https:\/\/www.fuldaernachrichten.de\/index.php?rest_route=%2Fwp%2Fv2%2Fcomments&post=115109"}],"version-history":[{"count":1,"href":"https:\/\/www.fuldaernachrichten.de\/index.php?rest_route=\/wp\/v2\/posts\/115109\/revisions"}],"predecessor-version":[{"id":115110,"href":"https:\/\/www.fuldaernachrichten.de\/index.php?rest_route=\/wp\/v2\/posts\/115109\/revisions\/115110"}],"wp:attachment":[{"href":"https:\/\/www.fuldaernachrichten.de\/index.php?rest_route=%2Fwp%2Fv2%2Fmedia&parent=115109"}],"wp:term":[{"taxonomy":"category","embeddable":true,"href":"https:\/\/www.fuldaernachrichten.de\/index.php?rest_route=%2Fwp%2Fv2%2Fcategories&post=115109"},{"taxonomy":"post_tag","embeddable":true,"href":"https:\/\/www.fuldaernachrichten.de\/index.php?rest_route=%2Fwp%2Fv2%2Ftags&post=115109"}],"curies":[{"name":"wp","href":"https:\/\/api.w.org\/{rel}","templated":true}]}}