{"id":115101,"date":"2013-10-10T00:15:07","date_gmt":"2013-10-10T00:15:07","guid":{"rendered":"http:\/\/www.fuldaer-nachrichten.de\/?p=115101"},"modified":"2013-10-10T06:42:42","modified_gmt":"2013-10-10T06:42:42","slug":"baumpflanzaktion-an-der-pestalozzischule-eine-zierkirsche-zu-ehren-des-vormaligen-schulleiters-mollenhauer","status":"publish","type":"post","link":"https:\/\/www.fuldaernachrichten.de\/?p=115101","title":{"rendered":"Baumpflanzaktion an der Pestalozzischule: Eine Zierkirsche zu Ehren des vormaligen Schulleiters Mollenhauer"},"content":{"rendered":"<p><b><img decoding=\"async\" class=\"alignleft size-thumbnail wp-image-115102\" alt=\"zu 75-cs_Baumpflanzaktion_Pestalozzischule_081013_IMG_1506\" src=\"http:\/\/www.fuldaer-nachrichten.de\/wp-content\/uploads\/2013\/10\/zu-75-cs_Baumpflanzaktion_Pestalozzischule_081013_IMG_1506-265x162.jpg\" width=\"265\" height=\"162\" srcset=\"https:\/\/www.fuldaernachrichten.de\/wp-content\/uploads\/2013\/10\/zu-75-cs_Baumpflanzaktion_Pestalozzischule_081013_IMG_1506-265x162.jpg 265w, https:\/\/www.fuldaernachrichten.de\/wp-content\/uploads\/2013\/10\/zu-75-cs_Baumpflanzaktion_Pestalozzischule_081013_IMG_1506.jpg 600w\" sizes=\"(max-width: 265px) 100vw, 265px\" \/>Fulda (cif).<\/b><b> <\/b>Einen Baum pflanzten k\u00fcrzlich Mitarbeiter der Gartenbaugruppe von den Fuldaer Caritas Werkst\u00e4tten f\u00fcr Menschen mit Behinderung auf dem Gel\u00e4nde hinter dem Schulgeb\u00e4ude der Pestalozzischule in Fulda-Neuenberg. Der Baum, so Bernd Wystrach, Gesamtleiter Caritas Berufswege, sei ein Geschenk anl\u00e4sslich der Verabschiedung des ehemaligen Schulleiters Nikolaus Mollenhauer, der im Februar 2013 in den Ruhestand ging und in dessen \u00c4ra die Kontakte zwischen den Werkst\u00e4tten und der Schule kontinuierlich gepflegt worden seien.<!--more--><\/p>\n<p>Die Pestalozzischule, eine F\u00f6rderschule mit etwa 110 Sch\u00fclerinnen und Sch\u00fclern von sechs bis 18 Jahren, die \u2013 wie es der Nachfolger Mollenhausers und jetzige Schulleiter Markus P\u00f6tz erl\u00e4utert, in Kleinklassen von rund sechs Sch\u00fclern eine mindestens zehnj\u00e4hrige Schulausbildung mit dem Hauptziel der F\u00f6rderung der geistigen Entwicklung absolvieren \u2013 arbeitet vor allem bez\u00fcglich der Berufsfindung ihrer\u00c2\u00a0 Schulabg\u00e4nger eng mit der Caritas Behindertenhilfe zusammen. So wechseln Sch\u00fcler nach ihrem Abschluss in den Berufsbildungsbereich der Caritas Werkst\u00e4tten und werden, sofern sie nicht im Berufsbildungsbereich der \u00c2\u00a0Werkst\u00e4tten ihre Berufsorientierung beginnen, \u00fcber die Caritas Berufswege teilweise auch in Praktikums- und Ausbildungspl\u00e4tze in Betriebe der Region begleitet.<\/p>\n<div>\n<p>Bei dem nun in Anwesenheit des Ex-Schulleiters Mollenhauer und zahlreicher Kinder und Jugendlicher gepflanzten Erinnerungsbaum handelt es sich um eine Zierkirsche. Der Baum, so erl\u00e4uterte Bernd Wystrach, w\u00fcrde bis zu zehn Meter hoch, hat eine bernsteinfarbene Rinde und bl\u00fche\u00c2\u00a0 in den Monaten April und Mai. Ausgewachsen \u00c2\u00a0w\u00fcrde er den Sch\u00fclerinnen und Sch\u00fclern der Ganztagsschule zuk\u00fcnftig sicher auch als Schattenspender dienen, betonte Schulleiter P\u00f6tz, wenn sie sich in den Sommermonaten am Nachmittag bevorzugt auf dem Schulhof aufhielten.<\/p>\n<\/div>\n","protected":false},"excerpt":{"rendered":"<div class=\"tmnf_excerpt\"><p>Fulda (cif). Einen Baum pflanzten k\u00fcrzlich Mitarbeiter der Gartenbaugruppe von den Fuldaer Caritas Werkst\u00e4tten f\u00fcr Menschen mit Behinderung auf dem Gel\u00e4nde hinter dem Schulgeb\u00e4ude der Pestalozzischule in Fulda-Neuenberg. Der Baum, so Bernd Wystrach, Gesamtleiter Caritas Berufswege, sei ein Geschenk anl\u00e4sslich der Verabschiedung des ehemaligen Schulleiters Nikolaus Mollenhauer, der im Februar 2013 in den Ruhestand ging &hellip;<\/p>\n<\/div>","protected":false},"author":1,"featured_media":0,"comment_status":"closed","ping_status":"closed","sticky":false,"template":"","format":"standard","meta":{"footnotes":""},"categories":[1,53],"tags":[],"class_list":["post-115101","post","type-post","status-publish","format-standard","hentry","category-startseite","category-bildung"],"_links":{"self":[{"href":"https:\/\/www.fuldaernachrichten.de\/index.php?rest_route=\/wp\/v2\/posts\/115101","targetHints":{"allow":["GET"]}}],"collection":[{"href":"https:\/\/www.fuldaernachrichten.de\/index.php?rest_route=\/wp\/v2\/posts"}],"about":[{"href":"https:\/\/www.fuldaernachrichten.de\/index.php?rest_route=\/wp\/v2\/types\/post"}],"author":[{"embeddable":true,"href":"https:\/\/www.fuldaernachrichten.de\/index.php?rest_route=\/wp\/v2\/users\/1"}],"replies":[{"embeddable":true,"href":"https:\/\/www.fuldaernachrichten.de\/index.php?rest_route=%2Fwp%2Fv2%2Fcomments&post=115101"}],"version-history":[{"count":1,"href":"https:\/\/www.fuldaernachrichten.de\/index.php?rest_route=\/wp\/v2\/posts\/115101\/revisions"}],"predecessor-version":[{"id":115103,"href":"https:\/\/www.fuldaernachrichten.de\/index.php?rest_route=\/wp\/v2\/posts\/115101\/revisions\/115103"}],"wp:attachment":[{"href":"https:\/\/www.fuldaernachrichten.de\/index.php?rest_route=%2Fwp%2Fv2%2Fmedia&parent=115101"}],"wp:term":[{"taxonomy":"category","embeddable":true,"href":"https:\/\/www.fuldaernachrichten.de\/index.php?rest_route=%2Fwp%2Fv2%2Fcategories&post=115101"},{"taxonomy":"post_tag","embeddable":true,"href":"https:\/\/www.fuldaernachrichten.de\/index.php?rest_route=%2Fwp%2Fv2%2Ftags&post=115101"}],"curies":[{"name":"wp","href":"https:\/\/api.w.org\/{rel}","templated":true}]}}