{"id":115098,"date":"2013-10-10T07:16:32","date_gmt":"2013-10-10T07:16:32","guid":{"rendered":"http:\/\/www.fuldaer-nachrichten.de\/?p=115098"},"modified":"2013-10-10T07:16:32","modified_gmt":"2013-10-10T07:16:32","slug":"traurigkeit-und-angst-statt-mutterglueck-wochenbett-krisenhilfe-informiert-und-bietet-unterstuetzung","status":"publish","type":"post","link":"https:\/\/www.fuldaernachrichten.de\/?p=115098","title":{"rendered":"Traurigkeit und Angst statt Muttergl\u00fcck &#8211; Wochenbett-Krisenhilfe informiert und bietet Unterst\u00fctzung"},"content":{"rendered":"<p><img fetchpriority=\"high\" decoding=\"async\" class=\"alignleft size-thumbnail wp-image-115099\" alt=\"aus dem Fenster\" src=\"http:\/\/www.fuldaer-nachrichten.de\/wp-content\/uploads\/2013\/10\/aus-dem-Fenster-265x398.jpg\" width=\"265\" height=\"398\" srcset=\"https:\/\/www.fuldaernachrichten.de\/wp-content\/uploads\/2013\/10\/aus-dem-Fenster-265x398.jpg 265w, https:\/\/www.fuldaernachrichten.de\/wp-content\/uploads\/2013\/10\/aus-dem-Fenster-176x265.jpg 176w, https:\/\/www.fuldaernachrichten.de\/wp-content\/uploads\/2013\/10\/aus-dem-Fenster-399x600.jpg 399w, https:\/\/www.fuldaernachrichten.de\/wp-content\/uploads\/2013\/10\/aus-dem-Fenster.jpg 600w\" sizes=\"(max-width: 265px) 100vw, 265px\" \/>Fulda.<b><\/b>Endlich ist das Baby da, doch die erwartete Freude bleibt aus. Viele Frauen ziehen sich zur\u00fcck, empfinden die Mutterschaft als Belastung, versuchen aber dennoch, die Fassade der gl\u00fccklichen und perfekten Mutter zu bewahren. Leider ist die Meinung weit verbreitet, \u201edas ist nur eine Phase, man muss da durch.\u201c Oft hei\u00dft dann die Diagnose Wochenbettdepression\/ Postpartale Depression. Aber obwohl viele Frauen betroffen sind, ist die Wochenbettdepression im Allgemeinen wenig bekannt.<\/p>\n<p><b>\u201eBaby Blues\u201c<\/b><\/p>\n<p>In den ersten Tagen nach der Geburt bemerken viele Frauen eine zunehmende Niedergeschlagenheit, oft verbunden mit Versagens\u00e4ngsten, Stimmungsschwankungen oder auch mangelndem Interesse am Baby. Klingen diese Symptome nach etwa einer Woche von selbst wieder ab, handelt es sich meist um den so genannten Baby Blues, auch Heultage genannt. Diese sind rein hormonell bedingt und klingen oft nach einer Woche wieder ab. Hier hilft in vielen F\u00e4llen schon Verst\u00e4ndnis und Aufkl\u00e4rung.<!--more--><\/p>\n<p><b>Wochenbettdepression<\/b><\/p>\n<p>H\u00e4lt die Traurigkeit und Antriebslosigkeit l\u00e4nger an oder kommen noch weitere Symptome hinzu wie Angstzust\u00e4nde, Schlafst\u00f6rungen und negative Gedanken dem Kind gegen\u00fcber, muss an eine Wochenbettdepression gedacht werden. Die Symptome entwickeln sich schleichend und k\u00f6nnen innerhalb des ersten Lebensjahres auftreten, Schlafmangel und \u00dcberforderung mit der Mutterrolle k\u00f6nnen Ausl\u00f6ser sein. Oft wird die Depression im Umfeld der Betroffenen nicht wahrgenommen, da zum einen die Mutter versucht, dar\u00fcber hinwegzut\u00e4uschen und zum anderen die Problematik eher unbekannt ist.<\/p>\n<p><b>Wochenbettkrisenhilfe<\/b><\/p>\n<p>Damit betroffene M\u00fctter wissen, dass sie sind kein Einzelfall sind und es Hilfe f\u00fcr ihre Situation gibt, ist Aufkl\u00e4rung n\u00f6tig. Alleine in Deutschland sind j\u00e4hrlich etwa 100.000 Frauen betroffen. Im Rahmen der Wochenbettkrisenhilfe leistet Ute Weber, Fachkrankenschwester f\u00fcr Psychiatrie und Systemische Beraterin im Landkreis Fulda Hilfe. In ihrer\u00c2\u00a0 Beratung wird im Idealfall auch der Partner und\/auch die Familie mit einbezogen. Sie ist ausgerichtet auf Information, Aufkl\u00e4rung und die Suche nach L\u00f6sungen und Entlastungsm\u00f6glichkeiten, welche immer individuell mit den Frauen erarbeitet werden. Bei ausgepr\u00e4gten Depressionen kann begleitend eine medikament\u00f6se Therapie mit Antidepressiva n\u00f6tig sein. Wichtig ist hierbei die Aufkl\u00e4rung stillender M\u00fctter. Au\u00dferdem ist eine Selbsthilfegruppe hilfreich, in denen Erfahrungen ausgetauscht werden und die Frauen gegenseitig Unterst\u00fctzung erfahren. Die Beratung ist kostenlos.<\/p>\n<p>Die Wochenbett-Krisenhilfe ist ein Projekt der\u00c2\u00a0 Deutschen Familienstiftung, unterst\u00fctzt durch Stadt und Landkreis Fulda. Wer sich gerne informieren m\u00f6chte, kann dies bei Ute Weber unter der 0151-19019261 tun oder unter www.schatten-und-licht.de.<\/p>\n","protected":false},"excerpt":{"rendered":"<div class=\"tmnf_excerpt\"><p>Fulda.Endlich ist das Baby da, doch die erwartete Freude bleibt aus. Viele Frauen ziehen sich zur\u00fcck, empfinden die Mutterschaft als Belastung, versuchen aber dennoch, die Fassade der gl\u00fccklichen und perfekten Mutter zu bewahren. Leider ist die Meinung weit verbreitet, \u201edas ist nur eine Phase, man muss da durch.\u201c Oft hei\u00dft dann die Diagnose Wochenbettdepression\/ Postpartale &hellip;<\/p>\n<\/div>","protected":false},"author":1,"featured_media":0,"comment_status":"closed","ping_status":"closed","sticky":false,"template":"","format":"standard","meta":{"footnotes":""},"categories":[1,51],"tags":[],"class_list":["post-115098","post","type-post","status-publish","format-standard","hentry","category-startseite","category-medizin"],"_links":{"self":[{"href":"https:\/\/www.fuldaernachrichten.de\/index.php?rest_route=\/wp\/v2\/posts\/115098","targetHints":{"allow":["GET"]}}],"collection":[{"href":"https:\/\/www.fuldaernachrichten.de\/index.php?rest_route=\/wp\/v2\/posts"}],"about":[{"href":"https:\/\/www.fuldaernachrichten.de\/index.php?rest_route=\/wp\/v2\/types\/post"}],"author":[{"embeddable":true,"href":"https:\/\/www.fuldaernachrichten.de\/index.php?rest_route=\/wp\/v2\/users\/1"}],"replies":[{"embeddable":true,"href":"https:\/\/www.fuldaernachrichten.de\/index.php?rest_route=%2Fwp%2Fv2%2Fcomments&post=115098"}],"version-history":[{"count":1,"href":"https:\/\/www.fuldaernachrichten.de\/index.php?rest_route=\/wp\/v2\/posts\/115098\/revisions"}],"predecessor-version":[{"id":115100,"href":"https:\/\/www.fuldaernachrichten.de\/index.php?rest_route=\/wp\/v2\/posts\/115098\/revisions\/115100"}],"wp:attachment":[{"href":"https:\/\/www.fuldaernachrichten.de\/index.php?rest_route=%2Fwp%2Fv2%2Fmedia&parent=115098"}],"wp:term":[{"taxonomy":"category","embeddable":true,"href":"https:\/\/www.fuldaernachrichten.de\/index.php?rest_route=%2Fwp%2Fv2%2Fcategories&post=115098"},{"taxonomy":"post_tag","embeddable":true,"href":"https:\/\/www.fuldaernachrichten.de\/index.php?rest_route=%2Fwp%2Fv2%2Ftags&post=115098"}],"curies":[{"name":"wp","href":"https:\/\/api.w.org\/{rel}","templated":true}]}}