{"id":115096,"date":"2013-10-10T00:13:42","date_gmt":"2013-10-10T00:13:42","guid":{"rendered":"http:\/\/www.fuldaer-nachrichten.de\/?p=115096"},"modified":"2013-10-10T06:37:18","modified_gmt":"2013-10-10T06:37:18","slug":"gruener-kreisverband-diskutiert-wahlkampf-ergebnisse-und-ihre-folgen","status":"publish","type":"post","link":"https:\/\/www.fuldaernachrichten.de\/?p=115096","title":{"rendered":"Gr\u00fcner Kreisverband diskutiert Wahlkampf, Ergebnisse und ihre Folgen"},"content":{"rendered":"<p>K\u00fcnzell. Am heutigen Donnerstag werden die Fuldaer Gr\u00fcnen \u00fcber den Wahlkampf, ihr Abschneiden und die daraus folgenden Konsequenzen diskutieren. Mitglieder und Interessierte treffen sich ab 19 h im Gemeindezentrum K\u00fcnzell. Als G\u00e4ste haben sich Bastian Bergerhoff vom hessischen Landesvorstand sowie Eva Goldbach, die neu gew\u00e4hlte Gr\u00fcne Landtagsabgeordnete aus dem Vogelsbergkreis, angek\u00fcndigt. Dar\u00fcber hinaus werden die Delegierten gew\u00e4hlt, die auf dem Bundesparteitag Mitte Oktober in Berlin \u00fcber den neuen Bundesvorstand mitabstimmen werden. Interessierte B\u00fcrgerinnen und B\u00fcrger sind herzlich willkommen!<\/p>\n","protected":false},"excerpt":{"rendered":"<div class=\"tmnf_excerpt\"><p>K\u00fcnzell. Am heutigen Donnerstag werden die Fuldaer Gr\u00fcnen \u00fcber den Wahlkampf, ihr Abschneiden und die daraus folgenden Konsequenzen diskutieren. Mitglieder und Interessierte treffen sich ab 19 h im Gemeindezentrum K\u00fcnzell. Als G\u00e4ste haben sich Bastian Bergerhoff vom hessischen Landesvorstand sowie Eva Goldbach, die neu gew\u00e4hlte Gr\u00fcne Landtagsabgeordnete aus dem Vogelsbergkreis, angek\u00fcndigt. Dar\u00fcber hinaus werden die &hellip;<\/p>\n<\/div>","protected":false},"author":1,"featured_media":0,"comment_status":"closed","ping_status":"closed","sticky":false,"template":"","format":"standard","meta":{"footnotes":""},"categories":[1],"tags":[],"class_list":["post-115096","post","type-post","status-publish","format-standard","hentry","category-startseite"],"_links":{"self":[{"href":"https:\/\/www.fuldaernachrichten.de\/index.php?rest_route=\/wp\/v2\/posts\/115096","targetHints":{"allow":["GET"]}}],"collection":[{"href":"https:\/\/www.fuldaernachrichten.de\/index.php?rest_route=\/wp\/v2\/posts"}],"about":[{"href":"https:\/\/www.fuldaernachrichten.de\/index.php?rest_route=\/wp\/v2\/types\/post"}],"author":[{"embeddable":true,"href":"https:\/\/www.fuldaernachrichten.de\/index.php?rest_route=\/wp\/v2\/users\/1"}],"replies":[{"embeddable":true,"href":"https:\/\/www.fuldaernachrichten.de\/index.php?rest_route=%2Fwp%2Fv2%2Fcomments&post=115096"}],"version-history":[{"count":1,"href":"https:\/\/www.fuldaernachrichten.de\/index.php?rest_route=\/wp\/v2\/posts\/115096\/revisions"}],"predecessor-version":[{"id":115097,"href":"https:\/\/www.fuldaernachrichten.de\/index.php?rest_route=\/wp\/v2\/posts\/115096\/revisions\/115097"}],"wp:attachment":[{"href":"https:\/\/www.fuldaernachrichten.de\/index.php?rest_route=%2Fwp%2Fv2%2Fmedia&parent=115096"}],"wp:term":[{"taxonomy":"category","embeddable":true,"href":"https:\/\/www.fuldaernachrichten.de\/index.php?rest_route=%2Fwp%2Fv2%2Fcategories&post=115096"},{"taxonomy":"post_tag","embeddable":true,"href":"https:\/\/www.fuldaernachrichten.de\/index.php?rest_route=%2Fwp%2Fv2%2Ftags&post=115096"}],"curies":[{"name":"wp","href":"https:\/\/api.w.org\/{rel}","templated":true}]}}