{"id":115088,"date":"2013-10-10T00:13:41","date_gmt":"2013-10-10T00:13:41","guid":{"rendered":"http:\/\/www.fuldaer-nachrichten.de\/?p=115088"},"modified":"2013-10-10T06:25:10","modified_gmt":"2013-10-10T06:25:10","slug":"video-botschafter-kirche-schwimmbad-und-gastwirtschaft","status":"publish","type":"post","link":"https:\/\/www.fuldaernachrichten.de\/?p=115088","title":{"rendered":"Video-Botschafter: Kirche, Schwimmbad und Gastwirtschaft"},"content":{"rendered":"<p><img decoding=\"async\" class=\"alignleft size-thumbnail wp-image-115089\" alt=\"DSC_6123\" src=\"http:\/\/www.fuldaer-nachrichten.de\/wp-content\/uploads\/2013\/10\/DSC_6123-265x183.jpg\" width=\"265\" height=\"183\" srcset=\"https:\/\/www.fuldaernachrichten.de\/wp-content\/uploads\/2013\/10\/DSC_6123-265x183.jpg 265w, https:\/\/www.fuldaernachrichten.de\/wp-content\/uploads\/2013\/10\/DSC_6123.jpg 600w\" sizes=\"(max-width: 265px) 100vw, 265px\" \/>Fulda (cp). Was haben die Fuldaer Traditionsgastst\u00e4tte Felsenkeller, die Christuskirche und die Ulsterwelle in Hilders gemeinsam? Alle drei Orte dienen als Kulisse f\u00fcr Videobotschaften im Rahmen der Markenkampagne FD. Oberb\u00fcrgermeister Gerhard M\u00f6ller und IHK Hauptgesch\u00e4ftsf\u00fchrer Stefan Schunck haben jetzt die zweite Staffel Video-Botschaften im Rahmen der Markenkampagne freigegeben. Darin treten unter anderem der Pfarrer der Christuskirche Fried-Wilhelm Kohl, der Schwimmmeister der Ulsterwelle in Hilders Franz Josef Enders und der bekannte Fuldaer Gastronom Hans Udo Heuser vom Felsenkeller auf. Alle drei beschreiben in ihrer Video-Botschaft, was ihnen an der Region Fulda gef\u00e4llt und betonen, dass sie gerne in der Region Fulda leben und arbeiten.<!--more--><\/p>\n<p>Die Idee zu den Video-Botschaften hatte Osthessen-News Chef Martin Angelstein. Sein Team hat gemeinsam mit Regionalmanager Christoph Burkard die entsprechenden Drehb\u00fccher entwickelt und in den vergangenen Monaten insgesamt 16 solcher Video-Botschaften aufgezeichnet. Alle Videos sind f\u00fcr jeweils sechs Tage als Trailer vor den Nachrichtenvideos vor Osthessen-News zu sehen und werden dar\u00fcber hinaus im Internetauftritt www.region-fulda.de des Regionalen Standortmarketings gezeigt. Oberb\u00fcrgermeister Gerhard M\u00f6ller war von der Idee begeistert, wenn er auch bei der Aussage von Hans Udo Heuser wonach Fulda ein \u201egeiles Dorf mit Stadtrechten\u201c sei, etwas schmunzeln musste. IHK Hauptgesch\u00e4ftsf\u00fchrer Stefan Schunck lobte die Video-Botschaften, weil sie auf der einen Seite charakteristische Orte der Region zeigten und auf der anderen Seite gerade f\u00fcr Menschen, die neu von au\u00dferhalb in die Region k\u00e4men und sich schnell einen \u00dcberblick verschaffen wollten, ein hervorragendes Informationsmedium, darstellten.<\/p>\n","protected":false},"excerpt":{"rendered":"<div class=\"tmnf_excerpt\"><p>Fulda (cp). Was haben die Fuldaer Traditionsgastst\u00e4tte Felsenkeller, die Christuskirche und die Ulsterwelle in Hilders gemeinsam? Alle drei Orte dienen als Kulisse f\u00fcr Videobotschaften im Rahmen der Markenkampagne FD. Oberb\u00fcrgermeister Gerhard M\u00f6ller und IHK Hauptgesch\u00e4ftsf\u00fchrer Stefan Schunck haben jetzt die zweite Staffel Video-Botschaften im Rahmen der Markenkampagne freigegeben. Darin treten unter anderem der Pfarrer der &hellip;<\/p>\n<\/div>","protected":false},"author":1,"featured_media":0,"comment_status":"closed","ping_status":"closed","sticky":false,"template":"","format":"standard","meta":{"footnotes":""},"categories":[1],"tags":[],"class_list":["post-115088","post","type-post","status-publish","format-standard","hentry","category-startseite"],"_links":{"self":[{"href":"https:\/\/www.fuldaernachrichten.de\/index.php?rest_route=\/wp\/v2\/posts\/115088","targetHints":{"allow":["GET"]}}],"collection":[{"href":"https:\/\/www.fuldaernachrichten.de\/index.php?rest_route=\/wp\/v2\/posts"}],"about":[{"href":"https:\/\/www.fuldaernachrichten.de\/index.php?rest_route=\/wp\/v2\/types\/post"}],"author":[{"embeddable":true,"href":"https:\/\/www.fuldaernachrichten.de\/index.php?rest_route=\/wp\/v2\/users\/1"}],"replies":[{"embeddable":true,"href":"https:\/\/www.fuldaernachrichten.de\/index.php?rest_route=%2Fwp%2Fv2%2Fcomments&post=115088"}],"version-history":[{"count":1,"href":"https:\/\/www.fuldaernachrichten.de\/index.php?rest_route=\/wp\/v2\/posts\/115088\/revisions"}],"predecessor-version":[{"id":115090,"href":"https:\/\/www.fuldaernachrichten.de\/index.php?rest_route=\/wp\/v2\/posts\/115088\/revisions\/115090"}],"wp:attachment":[{"href":"https:\/\/www.fuldaernachrichten.de\/index.php?rest_route=%2Fwp%2Fv2%2Fmedia&parent=115088"}],"wp:term":[{"taxonomy":"category","embeddable":true,"href":"https:\/\/www.fuldaernachrichten.de\/index.php?rest_route=%2Fwp%2Fv2%2Fcategories&post=115088"},{"taxonomy":"post_tag","embeddable":true,"href":"https:\/\/www.fuldaernachrichten.de\/index.php?rest_route=%2Fwp%2Fv2%2Ftags&post=115088"}],"curies":[{"name":"wp","href":"https:\/\/api.w.org\/{rel}","templated":true}]}}