{"id":115086,"date":"2013-10-10T00:12:03","date_gmt":"2013-10-10T00:12:03","guid":{"rendered":"http:\/\/www.fuldaer-nachrichten.de\/?p=115086"},"modified":"2013-10-10T06:20:36","modified_gmt":"2013-10-10T06:20:36","slug":"blick-hinter-die-kulissen-besichtigung-institut-bibliotheca-fuldensis","status":"publish","type":"post","link":"https:\/\/www.fuldaernachrichten.de\/?p=115086","title":{"rendered":"Blick hinter die Kulissen &#8211; Besichtigung Institut Bibliotheca Fuldensis"},"content":{"rendered":"<p><b>Fulda.<\/b> Das Kloster Fulda war im Mittelalter bekannt f\u00fcr seine Schreibschule und seine Bibliothek. Das Institut Bibliotheca Fuldensis widmet sich der Erforschung der alten und bedeutenden mittelalterlichen Bibliothek des Klosters Fulda, die im drei\u00dfigj\u00e4hrigen Krieg verschleppt, zerstreut und zu gro\u00dfen Teilen zerst\u00f6rt wurde. Im Rahmen der Reihe \u201eBlick hinter die Kulissen\u201c der Volkshochschule der Stadt Fulda besteht am Freitag, 18. Oktober, um 15:00 Uhr die M\u00f6glichkeit, mehr \u00fcber die Geschichte und das Schicksal der alten Klosterbibliothek zu erfahren und den historischen Rabanus-Maurus-Lesesaal kennen zu lernen. Zur Planung ist eine vorherige Anmeldung in der Gesch\u00e4ftsstelle der Volkshochschule im Kanzlerpalais Unterm Hl. Kreuz der Telefon 102-1477 erforderlich.<\/p>\n","protected":false},"excerpt":{"rendered":"<div class=\"tmnf_excerpt\"><p>Fulda. Das Kloster Fulda war im Mittelalter bekannt f\u00fcr seine Schreibschule und seine Bibliothek. Das Institut Bibliotheca Fuldensis widmet sich der Erforschung der alten und bedeutenden mittelalterlichen Bibliothek des Klosters Fulda, die im drei\u00dfigj\u00e4hrigen Krieg verschleppt, zerstreut und zu gro\u00dfen Teilen zerst\u00f6rt wurde. Im Rahmen der Reihe \u201eBlick hinter die Kulissen\u201c der Volkshochschule der Stadt &hellip;<\/p>\n<\/div>","protected":false},"author":1,"featured_media":0,"comment_status":"closed","ping_status":"closed","sticky":false,"template":"","format":"standard","meta":{"footnotes":""},"categories":[1,53],"tags":[],"class_list":["post-115086","post","type-post","status-publish","format-standard","hentry","category-startseite","category-bildung"],"_links":{"self":[{"href":"https:\/\/www.fuldaernachrichten.de\/index.php?rest_route=\/wp\/v2\/posts\/115086","targetHints":{"allow":["GET"]}}],"collection":[{"href":"https:\/\/www.fuldaernachrichten.de\/index.php?rest_route=\/wp\/v2\/posts"}],"about":[{"href":"https:\/\/www.fuldaernachrichten.de\/index.php?rest_route=\/wp\/v2\/types\/post"}],"author":[{"embeddable":true,"href":"https:\/\/www.fuldaernachrichten.de\/index.php?rest_route=\/wp\/v2\/users\/1"}],"replies":[{"embeddable":true,"href":"https:\/\/www.fuldaernachrichten.de\/index.php?rest_route=%2Fwp%2Fv2%2Fcomments&post=115086"}],"version-history":[{"count":1,"href":"https:\/\/www.fuldaernachrichten.de\/index.php?rest_route=\/wp\/v2\/posts\/115086\/revisions"}],"predecessor-version":[{"id":115087,"href":"https:\/\/www.fuldaernachrichten.de\/index.php?rest_route=\/wp\/v2\/posts\/115086\/revisions\/115087"}],"wp:attachment":[{"href":"https:\/\/www.fuldaernachrichten.de\/index.php?rest_route=%2Fwp%2Fv2%2Fmedia&parent=115086"}],"wp:term":[{"taxonomy":"category","embeddable":true,"href":"https:\/\/www.fuldaernachrichten.de\/index.php?rest_route=%2Fwp%2Fv2%2Fcategories&post=115086"},{"taxonomy":"post_tag","embeddable":true,"href":"https:\/\/www.fuldaernachrichten.de\/index.php?rest_route=%2Fwp%2Fv2%2Ftags&post=115086"}],"curies":[{"name":"wp","href":"https:\/\/api.w.org\/{rel}","templated":true}]}}