{"id":115073,"date":"2013-10-10T00:11:03","date_gmt":"2013-10-10T00:11:03","guid":{"rendered":"http:\/\/www.fuldaer-nachrichten.de\/?p=115073"},"modified":"2013-10-10T06:09:40","modified_gmt":"2013-10-10T06:09:40","slug":"stadtjugendparlament-beschliesst-jugendforum","status":"publish","type":"post","link":"https:\/\/www.fuldaernachrichten.de\/?p=115073","title":{"rendered":"Stadtjugendparlament beschlie\u00dft Jugendforum"},"content":{"rendered":"<p>Lauterbach. In seiner 6. Sitzung hat das Stadtjugendparlament auf die\u00c2\u00a0 Veranstaltungen des Sommer zur\u00fcckgeblickt. Besonders der Jugendaktionstag LAUTERBACH KANN am 8. September wurde\u00c2\u00a0 genannt. Aber auch eine sogenannte Kreisdelegiertenkonferenz aller Jugendbeteiligungsprojekte des Vogelsbergkreises bei der \u00fcber die Mehrgenerationenidee gesprochen wurde fand besondere Erw\u00e4hnung.<!--more--><\/p>\n<p>F\u00fcr den kommenden Herbst hat sich das Lauterbacher Stadtjugendparlament 2 besondere Aktionen vorgenommen. Zun\u00e4chst gestalten die Mitglieder gemeinsam mit den jungen Parlamentariern des KJP Vogelsberg eine Gedenkfeier zur Reichspogromnacht mit. Ende November soll dann das 5. Jugendforum im Lichtspielhaus Lauterbach stattfinden. Gemeinsam mit hoffentlich zahlreichen Jugendlichen G\u00e4sten wollen die SJPler diskutieren, warum es uns (Jugendlichen und Erwachsenen) so leicht f\u00e4llt eher gemein und absch\u00e4tzig miteinander umzugehen, als offen, tolerant und ehrlich miteinander zu kommunizieren. Anschlie\u00dfend l\u00e4dt das SJP die G\u00e4ste zu einem ausgesuchten Film ein.<\/p>\n","protected":false},"excerpt":{"rendered":"<div class=\"tmnf_excerpt\"><p>Lauterbach. In seiner 6. Sitzung hat das Stadtjugendparlament auf die\u00c2\u00a0 Veranstaltungen des Sommer zur\u00fcckgeblickt. Besonders der Jugendaktionstag LAUTERBACH KANN am 8. September wurde\u00c2\u00a0 genannt. Aber auch eine sogenannte Kreisdelegiertenkonferenz aller Jugendbeteiligungsprojekte des Vogelsbergkreises bei der \u00fcber die Mehrgenerationenidee gesprochen wurde fand besondere Erw\u00e4hnung.<\/p>\n<\/div>","protected":false},"author":1,"featured_media":0,"comment_status":"closed","ping_status":"closed","sticky":false,"template":"","format":"standard","meta":{"footnotes":""},"categories":[1],"tags":[],"class_list":["post-115073","post","type-post","status-publish","format-standard","hentry","category-startseite"],"_links":{"self":[{"href":"https:\/\/www.fuldaernachrichten.de\/index.php?rest_route=\/wp\/v2\/posts\/115073","targetHints":{"allow":["GET"]}}],"collection":[{"href":"https:\/\/www.fuldaernachrichten.de\/index.php?rest_route=\/wp\/v2\/posts"}],"about":[{"href":"https:\/\/www.fuldaernachrichten.de\/index.php?rest_route=\/wp\/v2\/types\/post"}],"author":[{"embeddable":true,"href":"https:\/\/www.fuldaernachrichten.de\/index.php?rest_route=\/wp\/v2\/users\/1"}],"replies":[{"embeddable":true,"href":"https:\/\/www.fuldaernachrichten.de\/index.php?rest_route=%2Fwp%2Fv2%2Fcomments&post=115073"}],"version-history":[{"count":2,"href":"https:\/\/www.fuldaernachrichten.de\/index.php?rest_route=\/wp\/v2\/posts\/115073\/revisions"}],"predecessor-version":[{"id":115075,"href":"https:\/\/www.fuldaernachrichten.de\/index.php?rest_route=\/wp\/v2\/posts\/115073\/revisions\/115075"}],"wp:attachment":[{"href":"https:\/\/www.fuldaernachrichten.de\/index.php?rest_route=%2Fwp%2Fv2%2Fmedia&parent=115073"}],"wp:term":[{"taxonomy":"category","embeddable":true,"href":"https:\/\/www.fuldaernachrichten.de\/index.php?rest_route=%2Fwp%2Fv2%2Fcategories&post=115073"},{"taxonomy":"post_tag","embeddable":true,"href":"https:\/\/www.fuldaernachrichten.de\/index.php?rest_route=%2Fwp%2Fv2%2Ftags&post=115073"}],"curies":[{"name":"wp","href":"https:\/\/api.w.org\/{rel}","templated":true}]}}