{"id":115066,"date":"2013-10-09T00:14:35","date_gmt":"2013-10-09T00:14:35","guid":{"rendered":"http:\/\/www.fuldaer-nachrichten.de\/?p=115066"},"modified":"2013-10-09T06:30:06","modified_gmt":"2013-10-09T06:30:06","slug":"studium-und-arbeit-bei-der-kva-lisa-schlitt-ist-die-zweite-beim-landkreis","status":"publish","type":"post","link":"https:\/\/www.fuldaernachrichten.de\/?p=115066","title":{"rendered":"Studium und Arbeit bei der KVA \u2013 Lisa Schlitt ist die \u201eZweite\u201c beim Landkreis"},"content":{"rendered":"<p><img decoding=\"async\" class=\"alignleft size-thumbnail wp-image-115067\" alt=\"image001\" src=\"http:\/\/www.fuldaer-nachrichten.de\/wp-content\/uploads\/2013\/10\/image0012-265x175.jpg\" width=\"265\" height=\"175\" srcset=\"https:\/\/www.fuldaernachrichten.de\/wp-content\/uploads\/2013\/10\/image0012-265x175.jpg 265w, https:\/\/www.fuldaernachrichten.de\/wp-content\/uploads\/2013\/10\/image0012.jpg 512w\" sizes=\"(max-width: 265px) 100vw, 265px\" \/>Lauterbach. \u201eEs gelten hohe Standards in der Kreisverwaltung, wenn es um Aus- und Fortbildung geht\u201c, sagte Landrat Manfred G\u00f6rig, als er Lisa Schlitt willkommen hie\u00df. Zu modernen Ausbildungsformen z\u00e4hlten auch Duale Studieng\u00e4nge, wie sie der Landkreis nun zum zweiten Mal erm\u00f6gliche. Er w\u00fcnschte der Studentin viel Freude und Energie und dass sie nach den sieben Semestern mit einem guten Abschluss zur\u00fcckkehre. Lisa Schlitt aus Ruhlkirchen ist seit Anfang Oktober mit 25 Wochenstunden beim Kommunalen Jobcenter (KVA) besch\u00e4ftigt und studiert gleichzeitig an der Hochschule Fulda mit dem Abschlussziel \u201eBachelor of Arts \u2013 BASS (Soziale Sicherung, Inklusion, Verwaltung)\u201c.\u00c2\u00a0 Sie hat 2009 ihr Abitur gemacht und danach ein Bachelor-Studium in Geschichts- und Kulturwissenschaften abgeschlossen.<!--more--><\/p>\n<p>Den Willkommensgr\u00fc\u00dfen schlossen sich auch Hauptamtsleiter Dr. Arno Wettlaufer und Sozialamtsleiter Werner K\u00f6hler an. Frau Schlitt werde durch das Studium nicht nur die Theorie kennen lernen, sondern durch den Einsatz in verschiedenen Bereichen des Kommunalen Jobcenters gleichzeitig bestens in der Praxis qualifiziert \u2013 eine \u201eWin-Win-Situation\u201c f\u00fcr alle Beteiligten. Zum dritten Mal hat der Studiengang BASS \u2013 Soziale Sicherung, Inklusion, Verwaltung (B.A.) begonnen. Dieser Studiengang ist zwischen der Hochschule Fulda und den hessischen Optionskommunen gemeinsam und speziell f\u00fcr die Erfordernisse des Fallmanagements konzipiert worden.<\/p>\n<p>Der Studiengang BASS verbindet die Belange der Sozialverwaltung in Bezug auf die Kenntnisse und Anwendung von einschl\u00e4gigen gesetzlichen Grundlagen (Verwaltungs-, Sozial-, Leistungsrecht und statistisches Berichtswesen) mit den kundenorientierten Bed\u00fcrfnissen (umfassende Analyse der Kunden, bedarfsorientierte Integrationsplanung und Gespr\u00e4chsf\u00fchrung) der unterschiedlichen Personenkreise und deren Lebenslagen. Weiterhin vermittelt das Studium grundlegende Kenntnisse \u00fcber kommunales Finanzwesen, kommunale Eingliederungsleistungen, Sozialplanung, Arbeitsmarkteinsch\u00e4tzung, Vernetzungsstrukturen, Organisationslehre und Projektentwicklung.<\/p>\n","protected":false},"excerpt":{"rendered":"<div class=\"tmnf_excerpt\"><p>Lauterbach. \u201eEs gelten hohe Standards in der Kreisverwaltung, wenn es um Aus- und Fortbildung geht\u201c, sagte Landrat Manfred G\u00f6rig, als er Lisa Schlitt willkommen hie\u00df. Zu modernen Ausbildungsformen z\u00e4hlten auch Duale Studieng\u00e4nge, wie sie der Landkreis nun zum zweiten Mal erm\u00f6gliche. Er w\u00fcnschte der Studentin viel Freude und Energie und dass sie nach den sieben &hellip;<\/p>\n<\/div>","protected":false},"author":1,"featured_media":0,"comment_status":"closed","ping_status":"closed","sticky":false,"template":"","format":"standard","meta":{"footnotes":""},"categories":[1,53],"tags":[],"class_list":["post-115066","post","type-post","status-publish","format-standard","hentry","category-startseite","category-bildung"],"_links":{"self":[{"href":"https:\/\/www.fuldaernachrichten.de\/index.php?rest_route=\/wp\/v2\/posts\/115066","targetHints":{"allow":["GET"]}}],"collection":[{"href":"https:\/\/www.fuldaernachrichten.de\/index.php?rest_route=\/wp\/v2\/posts"}],"about":[{"href":"https:\/\/www.fuldaernachrichten.de\/index.php?rest_route=\/wp\/v2\/types\/post"}],"author":[{"embeddable":true,"href":"https:\/\/www.fuldaernachrichten.de\/index.php?rest_route=\/wp\/v2\/users\/1"}],"replies":[{"embeddable":true,"href":"https:\/\/www.fuldaernachrichten.de\/index.php?rest_route=%2Fwp%2Fv2%2Fcomments&post=115066"}],"version-history":[{"count":1,"href":"https:\/\/www.fuldaernachrichten.de\/index.php?rest_route=\/wp\/v2\/posts\/115066\/revisions"}],"predecessor-version":[{"id":115068,"href":"https:\/\/www.fuldaernachrichten.de\/index.php?rest_route=\/wp\/v2\/posts\/115066\/revisions\/115068"}],"wp:attachment":[{"href":"https:\/\/www.fuldaernachrichten.de\/index.php?rest_route=%2Fwp%2Fv2%2Fmedia&parent=115066"}],"wp:term":[{"taxonomy":"category","embeddable":true,"href":"https:\/\/www.fuldaernachrichten.de\/index.php?rest_route=%2Fwp%2Fv2%2Fcategories&post=115066"},{"taxonomy":"post_tag","embeddable":true,"href":"https:\/\/www.fuldaernachrichten.de\/index.php?rest_route=%2Fwp%2Fv2%2Ftags&post=115066"}],"curies":[{"name":"wp","href":"https:\/\/api.w.org\/{rel}","templated":true}]}}