{"id":115054,"date":"2013-10-09T00:14:49","date_gmt":"2013-10-09T00:14:49","guid":{"rendered":"http:\/\/www.fuldaer-nachrichten.de\/?p=115054"},"modified":"2013-10-09T06:21:34","modified_gmt":"2013-10-09T06:21:34","slug":"barmherzige-schwestern-luden-zum-ehrenamtstag-ein","status":"publish","type":"post","link":"https:\/\/www.fuldaernachrichten.de\/?p=115054","title":{"rendered":"Barmherzige Schwestern luden zum Ehrenamtstag ein"},"content":{"rendered":"<p><img fetchpriority=\"high\" decoding=\"async\" class=\"alignleft size-thumbnail wp-image-115057\" alt=\"37 Gruppenbild 2\" src=\"http:\/\/www.fuldaer-nachrichten.de\/wp-content\/uploads\/2013\/10\/37-Gruppenbild-2-265x353.jpg\" width=\"265\" height=\"353\" srcset=\"https:\/\/www.fuldaernachrichten.de\/wp-content\/uploads\/2013\/10\/37-Gruppenbild-2-265x353.jpg 265w, https:\/\/www.fuldaernachrichten.de\/wp-content\/uploads\/2013\/10\/37-Gruppenbild-2-198x265.jpg 198w, https:\/\/www.fuldaernachrichten.de\/wp-content\/uploads\/2013\/10\/37-Gruppenbild-2.jpg 360w\" sizes=\"(max-width: 265px) 100vw, 265px\" \/>Fulda \/ Marburg. Das Haus der barmherzigen Schwestern vom hl. Vinzenz von Paul in Fulda hatte turnusm\u00e4\u00dfig wieder alle ehrenamtlichen Mitarbeiterinnen und Mitarbeiter aus seinen sozialen Einrichtungen zum 4. Tag des Ehrenamtes in das Alten- und Pflegeheim St. Elisabeth in Marburg eingeladen. Nach einer gemeinsamen Busanreise der Ehrenamtlichen mit Schwestern aus dem Mutterhaus und Leitungsmitarbeitern aus den Einrichtungen wurde der Ehrenamtstag mit einem von Generalvikar Prof. Dr. Gerhard Stanke zelebrierten Gottesdienst in der Kapelle des Heims feierlich er\u00f6ffnet. Prof. Dr. Stanke dankte allen Ehrenamtlichen f\u00fcr ihr Engagement und unterstrich, wie wichtig es sei, gerade durch diesen Dienst den Menschen das Gef\u00fchl zu geben, dass sie es wert sind, geliebt zu werden. Die Kraft hierf\u00fcr komme freilich von Gott. Von daher sei der ehrenamtliche Dienst Zeugnis f\u00fcr das Evangelium. Generaloberin Sr. M. Rosalia Bagus betonte in ihrer Ansprache, dass der Dienst der ehrenamtlichen Mitarbeiter eine wichtige Ressource f\u00fcr die Einrichtungen der Barmherzigen Schwestern sei. Dass dieser Dienst alles andere als selbstverst\u00e4ndlich sei und dass man deshalb von Tr\u00e4gerseite aus mit den regelm\u00e4\u00dfigen Ehrenamtstagen gerne eine Anerkennungskultur geschaffen habe.<!--more--><\/p>\n<p>Danach stellte die Generaloberin alle Mitarbeiterinnen und Mitarbeiter vor, die seit dem letzten Ehrenamtstag im Jahr 2010 neu ihren ehrenamtlichen Dienst begonnen haben und \u00fcberreichte Ehrenurkunden. Au\u00dferdem konnten acht Personen f\u00fcr langj\u00e4hrige ehrenamtliche Mithilfe geehrt werden. So wurden Frau Meta Mehler, Frau Wilma Larbig, Frau Therese Lomb, Herr Dr. Ballmaier, Frau Ingrid Bernath und Herr Lothar H\u00e4rtel f\u00fcr ihr jeweils 10-j\u00e4hriges Engagement ausgezeichnet. Unter dem Beifall aller Anwesenden wurden Frau Rosemarie G\u00e4rtner f\u00fcr 15 Jahre und Frau Margret Krah f\u00fcr 20 Jahre ehrenamtliche T\u00e4tigkeit, beide sind im Alten- und Pflegeheim St. Katharina in Flieden t\u00e4tig, geehrt. Als Anerkennung wurde ihnen jeweils ein Gutschein f\u00fcr ein kostenloses Wochenende f\u00fcr zwei Personen im Kur- und G\u00e4stehaus St. Bonifatius in Bad Salzschlirf oder im Erholungshaus Sonnenhof in Kassel \u00fcberreicht.<\/p>\n<p><img decoding=\"async\" class=\"alignleft size-thumbnail wp-image-115055\" alt=\"P1030802\" src=\"http:\/\/www.fuldaer-nachrichten.de\/wp-content\/uploads\/2013\/10\/P1030802-265x198.jpg\" width=\"265\" height=\"198\" srcset=\"https:\/\/www.fuldaernachrichten.de\/wp-content\/uploads\/2013\/10\/P1030802-265x198.jpg 265w, https:\/\/www.fuldaernachrichten.de\/wp-content\/uploads\/2013\/10\/P1030802.jpg 600w\" sizes=\"(max-width: 265px) 100vw, 265px\" \/> <img decoding=\"async\" class=\"alignleft size-thumbnail wp-image-115056\" alt=\"P1030817\" src=\"http:\/\/www.fuldaer-nachrichten.de\/wp-content\/uploads\/2013\/10\/P1030817-265x198.jpg\" width=\"265\" height=\"198\" srcset=\"https:\/\/www.fuldaernachrichten.de\/wp-content\/uploads\/2013\/10\/P1030817-265x198.jpg 265w, https:\/\/www.fuldaernachrichten.de\/wp-content\/uploads\/2013\/10\/P1030817.jpg 600w\" sizes=\"(max-width: 265px) 100vw, 265px\" \/> <img loading=\"lazy\" decoding=\"async\" class=\"alignleft size-thumbnail wp-image-115058\" alt=\"P1030831\" src=\"http:\/\/www.fuldaer-nachrichten.de\/wp-content\/uploads\/2013\/10\/P1030831-265x198.jpg\" width=\"265\" height=\"198\" srcset=\"https:\/\/www.fuldaernachrichten.de\/wp-content\/uploads\/2013\/10\/P1030831-265x198.jpg 265w, https:\/\/www.fuldaernachrichten.de\/wp-content\/uploads\/2013\/10\/P1030831.jpg 600w\" sizes=\"(max-width: 265px) 100vw, 265px\" \/> <img loading=\"lazy\" decoding=\"async\" class=\"alignleft size-thumbnail wp-image-115059\" alt=\"9 Marburg\" src=\"http:\/\/www.fuldaer-nachrichten.de\/wp-content\/uploads\/2013\/10\/9-Marburg--265x198.jpg\" width=\"265\" height=\"198\" srcset=\"https:\/\/www.fuldaernachrichten.de\/wp-content\/uploads\/2013\/10\/9-Marburg--265x198.jpg 265w, https:\/\/www.fuldaernachrichten.de\/wp-content\/uploads\/2013\/10\/9-Marburg-.jpg 600w\" sizes=\"(max-width: 265px) 100vw, 265px\" \/>Nach einem sehr guten Mittagessen wartete noch eine \u00dcberraschung in Form einer musikalischen Darbietung des eigens zu diesem Anlass gegr\u00fcndeten und von Sr. Elfriede M. Gollbach geleiteten Mitarbeiterchores auf die G\u00e4ste. Danach wurde die Elisabeth-Kirche in Marburg besichtigt, die von 1235 bis 1283 \u00fcber dem Grab der heiligen Elisabeth erbaut worden war und die sich danach zu einer der bedeutendsten Wallfahrtskirchen des damaligen Abendlandes entwickelt hatte. Die etwa einst\u00fcndige F\u00fchrung war \u00e4u\u00dferst interessant und lehrreich. Bei herrlichem Sonnenschein f\u00fchrte der R\u00fcckweg durch das in 2012 neu er\u00f6ffnete Haus der Begegnung St. Vinzenz und auch durch den Garten des Alten- und Pflegeheims St. Elisabeth zur\u00fcck zum Speisesaal des Heims. Nach Kaffee und Kuchen bedankte sich Generaloberin Sr. M. Rosalia bei Sr. Elfriede M., der Heimleitung Frau K\u00fchn-Ostler und allen, die diesen Tag vorbereitet hatten.<\/p>\n","protected":false},"excerpt":{"rendered":"<div class=\"tmnf_excerpt\"><p>Fulda \/ Marburg. Das Haus der barmherzigen Schwestern vom hl. Vinzenz von Paul in Fulda hatte turnusm\u00e4\u00dfig wieder alle ehrenamtlichen Mitarbeiterinnen und Mitarbeiter aus seinen sozialen Einrichtungen zum 4. Tag des Ehrenamtes in das Alten- und Pflegeheim St. Elisabeth in Marburg eingeladen. Nach einer gemeinsamen Busanreise der Ehrenamtlichen mit Schwestern aus dem Mutterhaus und Leitungsmitarbeitern &hellip;<\/p>\n<\/div>","protected":false},"author":1,"featured_media":0,"comment_status":"closed","ping_status":"closed","sticky":false,"template":"","format":"standard","meta":{"footnotes":""},"categories":[1],"tags":[],"class_list":["post-115054","post","type-post","status-publish","format-standard","hentry","category-startseite"],"_links":{"self":[{"href":"https:\/\/www.fuldaernachrichten.de\/index.php?rest_route=\/wp\/v2\/posts\/115054","targetHints":{"allow":["GET"]}}],"collection":[{"href":"https:\/\/www.fuldaernachrichten.de\/index.php?rest_route=\/wp\/v2\/posts"}],"about":[{"href":"https:\/\/www.fuldaernachrichten.de\/index.php?rest_route=\/wp\/v2\/types\/post"}],"author":[{"embeddable":true,"href":"https:\/\/www.fuldaernachrichten.de\/index.php?rest_route=\/wp\/v2\/users\/1"}],"replies":[{"embeddable":true,"href":"https:\/\/www.fuldaernachrichten.de\/index.php?rest_route=%2Fwp%2Fv2%2Fcomments&post=115054"}],"version-history":[{"count":1,"href":"https:\/\/www.fuldaernachrichten.de\/index.php?rest_route=\/wp\/v2\/posts\/115054\/revisions"}],"predecessor-version":[{"id":115060,"href":"https:\/\/www.fuldaernachrichten.de\/index.php?rest_route=\/wp\/v2\/posts\/115054\/revisions\/115060"}],"wp:attachment":[{"href":"https:\/\/www.fuldaernachrichten.de\/index.php?rest_route=%2Fwp%2Fv2%2Fmedia&parent=115054"}],"wp:term":[{"taxonomy":"category","embeddable":true,"href":"https:\/\/www.fuldaernachrichten.de\/index.php?rest_route=%2Fwp%2Fv2%2Fcategories&post=115054"},{"taxonomy":"post_tag","embeddable":true,"href":"https:\/\/www.fuldaernachrichten.de\/index.php?rest_route=%2Fwp%2Fv2%2Ftags&post=115054"}],"curies":[{"name":"wp","href":"https:\/\/api.w.org\/{rel}","templated":true}]}}