{"id":115052,"date":"2013-10-09T00:12:53","date_gmt":"2013-10-09T00:12:53","guid":{"rendered":"http:\/\/www.fuldaer-nachrichten.de\/?p=115052"},"modified":"2013-10-09T06:19:32","modified_gmt":"2013-10-09T06:19:32","slug":"mittelstandsvereinigung-hessen-verhandlungen-der-spd-hessen-mit-linkspartei-wegen-gemeinsamer-regierungsbeteiligung-beschaemend","status":"publish","type":"post","link":"https:\/\/www.fuldaernachrichten.de\/?p=115052","title":{"rendered":"Mittelstandsvereinigung Hessen: Verhandlungen der SPD Hessen mit Linkspartei wegen gemeinsamer Regierungsbeteiligung \u201ebesch\u00e4mend\u201c"},"content":{"rendered":"<p>Fulda. \u201eEine Regierung unter Beteiligung von SPD und Linkspartei w\u00e4re f\u00fcr Hessen ein politischer Niedergang. Verhandlungen hier\u00fcber sind f\u00fcr die SPD besch\u00e4mend und unw\u00fcrdig\u201c, erkl\u00e4rte der Landesvorsitzende der Mittelstands- und Wirtschaftsvereinigung Hessen MIT, Frank Hartmann, in Fulda. Die Linkspartei sei nach wie vor die Nachfolgepartei der SED, die daf\u00fcr verantwortlich sei, dass in der ehemaligen DDR SPD-Mitglieder ins Gef\u00e4ngnis gesteckt wurden, weil sie gegen eine Zwangsvereinigung zwischen SPD und der damaligen KPD waren. Hierf\u00fcr habe sich die Linkspartei bis heute nicht entschuldigt. Jahrzehntelang habe die SED als Vorg\u00e4ngerpartei Menschen verfolgt und ihnen demokratische Grundrechte verwehrt. Erst vor wenigen Tagen habe sich herausgestellt, dass die engste Mitarbeiterin des Vorsitzenden der Linkspartei Gysi Stasi-Spitzel war. Und noch aktuell werde die Linkspartei in Hessen vom Verfassungsschutz beobachtet, weil sie als \u201everfassungsfeindlich\u201c eingestuft werde.<!--more--><br \/>\nEs sei besch\u00e4mend, dass die SPD Hessen mit Verfassungsfeinden Absprachen vornehmen wolle, um eine gemeinsame Landesregierung zu stellen.<br \/>\nSchon Gespr\u00e4che hier\u00fcber seien f\u00fcr die SPD unw\u00fcrdig, weil die Linkspartei keine demokratische Partei sei, erkl\u00e4rte Hartmann.<br \/>\nDie Linkspartei erkl\u00e4re offen, dass sie eine andere Wirtschafts- und Gesellschaftsordnung m\u00f6chte. Dies beeintr\u00e4chtige die Grundlagen der Demokratie.<br \/>\nInsbesondere die Mittelst\u00e4ndler in Hessen seien best\u00fcrzt dar\u00fcber, dass die SPD sich mit Verfassungs- und Wirtschaftsfeinden einlassen m\u00f6chte, stellte Hartmann fest.<\/p>\n","protected":false},"excerpt":{"rendered":"<div class=\"tmnf_excerpt\"><p>Fulda. \u201eEine Regierung unter Beteiligung von SPD und Linkspartei w\u00e4re f\u00fcr Hessen ein politischer Niedergang. Verhandlungen hier\u00fcber sind f\u00fcr die SPD besch\u00e4mend und unw\u00fcrdig\u201c, erkl\u00e4rte der Landesvorsitzende der Mittelstands- und Wirtschaftsvereinigung Hessen MIT, Frank Hartmann, in Fulda. Die Linkspartei sei nach wie vor die Nachfolgepartei der SED, die daf\u00fcr verantwortlich sei, dass in der ehemaligen &hellip;<\/p>\n<\/div>","protected":false},"author":1,"featured_media":0,"comment_status":"closed","ping_status":"closed","sticky":false,"template":"","format":"standard","meta":{"footnotes":""},"categories":[1],"tags":[],"class_list":["post-115052","post","type-post","status-publish","format-standard","hentry","category-startseite"],"_links":{"self":[{"href":"https:\/\/www.fuldaernachrichten.de\/index.php?rest_route=\/wp\/v2\/posts\/115052","targetHints":{"allow":["GET"]}}],"collection":[{"href":"https:\/\/www.fuldaernachrichten.de\/index.php?rest_route=\/wp\/v2\/posts"}],"about":[{"href":"https:\/\/www.fuldaernachrichten.de\/index.php?rest_route=\/wp\/v2\/types\/post"}],"author":[{"embeddable":true,"href":"https:\/\/www.fuldaernachrichten.de\/index.php?rest_route=\/wp\/v2\/users\/1"}],"replies":[{"embeddable":true,"href":"https:\/\/www.fuldaernachrichten.de\/index.php?rest_route=%2Fwp%2Fv2%2Fcomments&post=115052"}],"version-history":[{"count":1,"href":"https:\/\/www.fuldaernachrichten.de\/index.php?rest_route=\/wp\/v2\/posts\/115052\/revisions"}],"predecessor-version":[{"id":115053,"href":"https:\/\/www.fuldaernachrichten.de\/index.php?rest_route=\/wp\/v2\/posts\/115052\/revisions\/115053"}],"wp:attachment":[{"href":"https:\/\/www.fuldaernachrichten.de\/index.php?rest_route=%2Fwp%2Fv2%2Fmedia&parent=115052"}],"wp:term":[{"taxonomy":"category","embeddable":true,"href":"https:\/\/www.fuldaernachrichten.de\/index.php?rest_route=%2Fwp%2Fv2%2Fcategories&post=115052"},{"taxonomy":"post_tag","embeddable":true,"href":"https:\/\/www.fuldaernachrichten.de\/index.php?rest_route=%2Fwp%2Fv2%2Ftags&post=115052"}],"curies":[{"name":"wp","href":"https:\/\/api.w.org\/{rel}","templated":true}]}}