{"id":115040,"date":"2013-10-09T00:13:39","date_gmt":"2013-10-09T00:13:39","guid":{"rendered":"http:\/\/www.fuldaer-nachrichten.de\/?p=115040"},"modified":"2013-10-09T06:09:10","modified_gmt":"2013-10-09T06:09:10","slug":"kreis-krankenpflegeschule-landrat-begruesste-26-junge-leute-die-gesundheits-und-krankenpflegerin-werden-wollen","status":"publish","type":"post","link":"https:\/\/www.fuldaernachrichten.de\/?p=115040","title":{"rendered":"Kreis-Krankenpflegeschule: Landrat begr\u00fc\u00dfte 26 junge Leute, die Gesundheits- und Krankenpfleger\/in werden wollen"},"content":{"rendered":"<p>Alsfeld. 26 junge Menschen \u2013 23 Frauen und drei M\u00e4nner \u2013 haben in der Krankenpflegeschule des Vogelsbergkreises in Alsfeld ihre dreij\u00e4hrige Ausbildung begonnen. Sie streben den Beruf des\/der \u201eGesundheits- und Krankenpflegers\/in\u201c an. Dieses erweiterte und insbesondere auf verst\u00e4rkte Pr\u00e4vention abzielende Berufsbild wird nun bereits seit 2004 an der Kreis-Krankenpflegeschule in Alsfeld unterrichtet. 12 Auszubildende haben ihren Ausbildungsvertrag mit dem Kreiskrankenhaus in Alsfeld und 14 mit dem Eichhof-Krankenhaus in Lauterbach. Sie kommen \u00fcberwiegend aus dem Vogelsbergkreis, dar\u00fcber hinaus aus den Landkreisen Fulda, Hersfeld-Rotenburg und Schwalm-Eder.<!--more--><\/p>\n<p><img fetchpriority=\"high\" decoding=\"async\" class=\"alignleft size-full wp-image-115041\" alt=\"image001\" src=\"http:\/\/www.fuldaer-nachrichten.de\/wp-content\/uploads\/2013\/10\/image0011.jpg\" width=\"510\" height=\"246\" srcset=\"https:\/\/www.fuldaernachrichten.de\/wp-content\/uploads\/2013\/10\/image0011.jpg 510w, https:\/\/www.fuldaernachrichten.de\/wp-content\/uploads\/2013\/10\/image0011-265x127.jpg 265w\" sizes=\"(max-width: 510px) 100vw, 510px\" \/>Landrat Manfred G\u00f6rig, Schulleiterin Christiane Schwind und Vertreter der beiden Krankenh\u00e4user begr\u00fc\u00dften die Neuen. Dabei begl\u00fcckw\u00fcnschte Landrat G\u00f6rig die jungen Leute zu ihrer Berufsentscheidung und wies auf die sehr guten Berufschancen und hervorragenden Fortbildungsm\u00f6glichkeiten hin. Der Landrat appellierte an die jungen Leute, mit Sympathie und Empathie auf die anvertrauten Menschen zuzugehen. Beim guten Umgang mit den Menschen \u201ebekommt man immer etwas zur\u00fcck.\u201c<\/p>\n<p>G\u00f6rig hob die sehr gute Zusammenarbeit des Kreiskrankenhauses in Alsfeld und des Eichhofkrankenhauses in Lauterbach in der Krankenpflegeausbildung hervor. \u201eDas ist wichtig f\u00fcr die ganze Region.\u201c Der Gesch\u00e4ftsf\u00fchrer des Kreiskrankenhauses, Bodo Assmus, und Pflegedienstleiter Marcus Ries stellten die gro\u00dfe Ausbildungsbereitschaft heraus. Der Bereich Pflege stelle die gr\u00f6\u00dfte Berufsgruppe. Auch Berthold Remiger, Bereichsleiter Personal, und Pflegedienstleiterin Irmgard Rasch vom Eichhof-Krankenhaus in Lauterbach sowie Herbert Krauss und Cornelia Laqua von den Arbeitnehmervertretungen begl\u00fcckw\u00fcnschten die neuen Sch\u00fclerinnen und Sch\u00fcler.<\/p>\n<p>Die Leiterin der Krankenpflegeschule, Christiane Schwind, ermutigte die Neuen zu Neugier und zu einer guten Balance zwischen Arbeit und Freizeit. Und sie machte den jungen Leuten Mut: \u201eDie Berufschancen sind so gut wie noch nie.\u201c Die Krankenpflegeschule in Alsfeld, angesiedelt beim Kreiskrankenhaus, z\u00e4hlt zu den gr\u00f6\u00dften Ausbildungsst\u00e4tten in der Region. In der Krankenpflegeschule \u2013 Schultr\u00e4ger ist der Vogelsbergkreis \u2013 haben weit \u00fcber 1200 junge Menschen in den vergangenen 50 Jahren eine hochwertige Ausbildung erhalten.<\/p>\n<p>Die staatliche Ausbildung dauert drei Jahre. Die Ausbildungstr\u00e4ger der praktischen Ausbildung sind das Kreiskrankenhaus des Vogelsbergkreises in Alsfeld GmbH und das Medizinische Zentrum Krankenhaus Eichhof Lauterbach. Innerhalb der praktischen Ausbildung lernen die k\u00fcnftigen Gesundheits- und Krankenpfleger\/innen alle Pflegebereiche und die ambulanten Einrichtungen der beiden Krankenh\u00e4user sowie die Psychiatrie in Lauterbach und die Kinderklinik in Bad Hersfeld kennen.<\/p>\n<p>Die Krankenh\u00e4user in Lauterbach und Alsfeld haben mit der Kreiskrankenpflegeschule einen Kooperationsvertrag. Die beiden Krankenh\u00e4user sind die Ausbildungstr\u00e4ger, und mit ihnen haben die Sch\u00fclerinnen und Sch\u00fcler auch ihren Lehrvertrag. Sowohl f\u00fcr die Vermittlung der Theorie (ein Drittel, 2.100 Stunden) als auch f\u00fcr die Gestaltung der Praxisvermittlung (zwei Drittel) ist die Krankenpflegeschule verantwortlich.<\/p>\n","protected":false},"excerpt":{"rendered":"<div class=\"tmnf_excerpt\"><p>Alsfeld. 26 junge Menschen \u2013 23 Frauen und drei M\u00e4nner \u2013 haben in der Krankenpflegeschule des Vogelsbergkreises in Alsfeld ihre dreij\u00e4hrige Ausbildung begonnen. Sie streben den Beruf des\/der \u201eGesundheits- und Krankenpflegers\/in\u201c an. Dieses erweiterte und insbesondere auf verst\u00e4rkte Pr\u00e4vention abzielende Berufsbild wird nun bereits seit 2004 an der Kreis-Krankenpflegeschule in Alsfeld unterrichtet. 12 Auszubildende haben &hellip;<\/p>\n<\/div>","protected":false},"author":1,"featured_media":0,"comment_status":"closed","ping_status":"closed","sticky":false,"template":"","format":"standard","meta":{"footnotes":""},"categories":[1],"tags":[],"class_list":["post-115040","post","type-post","status-publish","format-standard","hentry","category-startseite"],"_links":{"self":[{"href":"https:\/\/www.fuldaernachrichten.de\/index.php?rest_route=\/wp\/v2\/posts\/115040","targetHints":{"allow":["GET"]}}],"collection":[{"href":"https:\/\/www.fuldaernachrichten.de\/index.php?rest_route=\/wp\/v2\/posts"}],"about":[{"href":"https:\/\/www.fuldaernachrichten.de\/index.php?rest_route=\/wp\/v2\/types\/post"}],"author":[{"embeddable":true,"href":"https:\/\/www.fuldaernachrichten.de\/index.php?rest_route=\/wp\/v2\/users\/1"}],"replies":[{"embeddable":true,"href":"https:\/\/www.fuldaernachrichten.de\/index.php?rest_route=%2Fwp%2Fv2%2Fcomments&post=115040"}],"version-history":[{"count":1,"href":"https:\/\/www.fuldaernachrichten.de\/index.php?rest_route=\/wp\/v2\/posts\/115040\/revisions"}],"predecessor-version":[{"id":115042,"href":"https:\/\/www.fuldaernachrichten.de\/index.php?rest_route=\/wp\/v2\/posts\/115040\/revisions\/115042"}],"wp:attachment":[{"href":"https:\/\/www.fuldaernachrichten.de\/index.php?rest_route=%2Fwp%2Fv2%2Fmedia&parent=115040"}],"wp:term":[{"taxonomy":"category","embeddable":true,"href":"https:\/\/www.fuldaernachrichten.de\/index.php?rest_route=%2Fwp%2Fv2%2Fcategories&post=115040"},{"taxonomy":"post_tag","embeddable":true,"href":"https:\/\/www.fuldaernachrichten.de\/index.php?rest_route=%2Fwp%2Fv2%2Ftags&post=115040"}],"curies":[{"name":"wp","href":"https:\/\/api.w.org\/{rel}","templated":true}]}}