{"id":115031,"date":"2013-10-09T00:12:58","date_gmt":"2013-10-09T00:12:58","guid":{"rendered":"http:\/\/www.fuldaer-nachrichten.de\/?p=115031"},"modified":"2013-10-09T05:51:40","modified_gmt":"2013-10-09T05:51:40","slug":"orgelmatinee-im-fuldaer-dom-mit-denny-wilke-am-12-oktober","status":"publish","type":"post","link":"https:\/\/www.fuldaernachrichten.de\/?p=115031","title":{"rendered":"Orgelmatinee im Fuldaer Dom mit Denny Wilke am 12. Oktober"},"content":{"rendered":"<p><img decoding=\"async\" class=\"alignleft size-thumbnail wp-image-115032\" alt=\"Wilke\" src=\"http:\/\/www.fuldaer-nachrichten.de\/wp-content\/uploads\/2013\/10\/Wilke-265x176.jpg\" width=\"265\" height=\"176\" srcset=\"https:\/\/www.fuldaernachrichten.de\/wp-content\/uploads\/2013\/10\/Wilke-265x176.jpg 265w, https:\/\/www.fuldaernachrichten.de\/wp-content\/uploads\/2013\/10\/Wilke.jpg 600w\" sizes=\"(max-width: 265px) 100vw, 265px\" \/>Fulda. Am 12. Oktober 2013, 12.05 Uhr, im Fuldaer Dom pr\u00e4sentiert Denny Wilke aus M\u00fchlhausen bzw. Leipzig ein ungew\u00f6hnliches Programm in der Orgelmatinee. Schon der Beginn, ein Marsch C.-B. Balbastres f\u00fcr \u201edie tapferen Verteidiger der ersten franz\u00f6sischen Republik\u201c, ist ein seltenst gespieltes Werk. Auch Kompositionen von Rachmaninoff k\u00f6nnen auf Orgel \u00fcbertragen werden, so von Louis Vierne das Pr\u00e9lude cis-Moll. Wilke schlie\u00dft mit einem \u201eKlassiker\u201c der Orgelliteratur: Listzts \u201ePr\u00e4ludium und Fuge \u00fcber B-A-C-H\u201c.<\/p>\n","protected":false},"excerpt":{"rendered":"<div class=\"tmnf_excerpt\"><p>Fulda. Am 12. Oktober 2013, 12.05 Uhr, im Fuldaer Dom pr\u00e4sentiert Denny Wilke aus M\u00fchlhausen bzw. Leipzig ein ungew\u00f6hnliches Programm in der Orgelmatinee. Schon der Beginn, ein Marsch C.-B. Balbastres f\u00fcr \u201edie tapferen Verteidiger der ersten franz\u00f6sischen Republik\u201c, ist ein seltenst gespieltes Werk. Auch Kompositionen von Rachmaninoff k\u00f6nnen auf Orgel \u00fcbertragen werden, so von Louis &hellip;<\/p>\n<\/div>","protected":false},"author":1,"featured_media":0,"comment_status":"closed","ping_status":"closed","sticky":false,"template":"","format":"standard","meta":{"footnotes":""},"categories":[1],"tags":[],"class_list":["post-115031","post","type-post","status-publish","format-standard","hentry","category-startseite"],"_links":{"self":[{"href":"https:\/\/www.fuldaernachrichten.de\/index.php?rest_route=\/wp\/v2\/posts\/115031","targetHints":{"allow":["GET"]}}],"collection":[{"href":"https:\/\/www.fuldaernachrichten.de\/index.php?rest_route=\/wp\/v2\/posts"}],"about":[{"href":"https:\/\/www.fuldaernachrichten.de\/index.php?rest_route=\/wp\/v2\/types\/post"}],"author":[{"embeddable":true,"href":"https:\/\/www.fuldaernachrichten.de\/index.php?rest_route=\/wp\/v2\/users\/1"}],"replies":[{"embeddable":true,"href":"https:\/\/www.fuldaernachrichten.de\/index.php?rest_route=%2Fwp%2Fv2%2Fcomments&post=115031"}],"version-history":[{"count":1,"href":"https:\/\/www.fuldaernachrichten.de\/index.php?rest_route=\/wp\/v2\/posts\/115031\/revisions"}],"predecessor-version":[{"id":115033,"href":"https:\/\/www.fuldaernachrichten.de\/index.php?rest_route=\/wp\/v2\/posts\/115031\/revisions\/115033"}],"wp:attachment":[{"href":"https:\/\/www.fuldaernachrichten.de\/index.php?rest_route=%2Fwp%2Fv2%2Fmedia&parent=115031"}],"wp:term":[{"taxonomy":"category","embeddable":true,"href":"https:\/\/www.fuldaernachrichten.de\/index.php?rest_route=%2Fwp%2Fv2%2Fcategories&post=115031"},{"taxonomy":"post_tag","embeddable":true,"href":"https:\/\/www.fuldaernachrichten.de\/index.php?rest_route=%2Fwp%2Fv2%2Ftags&post=115031"}],"curies":[{"name":"wp","href":"https:\/\/api.w.org\/{rel}","templated":true}]}}