{"id":115025,"date":"2013-10-09T00:09:01","date_gmt":"2013-10-09T00:09:01","guid":{"rendered":"http:\/\/www.fuldaer-nachrichten.de\/?p=115025"},"modified":"2013-10-09T06:32:23","modified_gmt":"2013-10-09T06:32:23","slug":"2-kontinente-2-laender-2-neue-edag-standorte-edag-setzt-expansionskurs-fort","status":"publish","type":"post","link":"https:\/\/www.fuldaernachrichten.de\/?p=115025","title":{"rendered":"Zwei Kontinente, zwei L\u00e4nder, zwei neue Standorte &#8211; EDAG setzt Expansionskurs fort"},"content":{"rendered":"<p><img fetchpriority=\"high\" decoding=\"async\" class=\"alignnone size-full wp-image-115026\" alt=\"EDAG_Eroeffnung_Mexiko_3_300dpi\" src=\"http:\/\/www.fuldaer-nachrichten.de\/wp-content\/uploads\/2013\/10\/EDAG_Eroeffnung_Mexiko_3_300dpi.jpg\" width=\"560\" height=\"342\" \/><\/p>\n<p>Fulda. Im September 2013 hat EDAG mit der Er\u00f6ffnung der neuen Standorte in Puebla Pue. (Mexiko) und Seoul (S\u00fcdkorea) ihre Expansionspl\u00e4ne weiter erfolgreich umgesetzt und die internationale Pr\u00e4senz in den automobilen Wachstumsm\u00e4rkten verst\u00e4rkt. Im Mexiko startet EDAG mit einem aktuell 46-k\u00f6pfigen Fahrzeugentwicklungsteam. In Seoul hat das Tochterunternehmen EDAG Production Solutions ein Team von 12 Mitarbeitern formiert und arbeitet im Bereich der Umformtechnik.<!--more--><\/p>\n<p>Kaum eine Branche ist so den globalen, wirtschaftlichen Bewegungen unterworfen wie die Automobilindustrie: In Mexiko zeigt das Konjunkturbarometer f\u00fcr die automobile Zukunft ein konstantes \u201eHoch\u201c an. \u201eViele deutsche Hersteller und Zulieferunternehmen haben oder werden sich in naher Zukunft in Mexiko ansiedeln. Daher haben wir uns gerne entschlossen, in Puebla Pue. in Mexiko einen Standort zu er\u00f6ffnen, um unsere europ\u00e4ischen Kunden auch in Mittelamerika unterst\u00fctzen zu k\u00f6nnen.\u201c, unterstrich J\u00f6rg Ohlsen bei seiner Rede w\u00e4hrend der Er\u00f6ffnungsfeier am 27. September 2013 vor 100 geladenen G\u00e4sten aus Politik und Wirtschaft. \u201eMexiko wird sich in naher Zukunft zu einem bedeutenden Standort der Automobilindustrie entwickeln.\u201c<\/p>\n<p><img decoding=\"async\" class=\"alignleft size-thumbnail wp-image-115027\" alt=\"EDAG_Eroeffnung_Mexiko_2_300dpi\" src=\"http:\/\/www.fuldaer-nachrichten.de\/wp-content\/uploads\/2013\/10\/EDAG_Eroeffnung_Mexiko_2_300dpi-265x262.jpg\" width=\"265\" height=\"262\" srcset=\"https:\/\/www.fuldaernachrichten.de\/wp-content\/uploads\/2013\/10\/EDAG_Eroeffnung_Mexiko_2_300dpi-265x262.jpg 265w, https:\/\/www.fuldaernachrichten.de\/wp-content\/uploads\/2013\/10\/EDAG_Eroeffnung_Mexiko_2_300dpi.jpg 600w\" sizes=\"(max-width: 265px) 100vw, 265px\" \/>Der neue EDAG Standort Parque Industrial in der Automobilstadt Puebla liegt in unmittelbarer N\u00e4he der lokal ans\u00e4ssigen Automobilunternehmen. Das EDAG Team um den Gesch\u00e4ftsf\u00fchrer Rainer Hofmann wird im ersten Schritt die Kunden bei der Nationalisierung der Fahrzeuge f\u00fcr den inl\u00e4ndischen Markt unterst\u00fctzen. \u201eWir sind der erste deutsche Entwicklungsdienstleister, der hier in Mexiko aktuell pr\u00e4sent ist. Eine sehr gute Ausgangsposition!\u201c, unterstreicht Rainer Hofmann, Gesch\u00e4ftsf\u00fchrer EDAG M\u00e9xico S.A. de C.V. \u201eIch sehe gro\u00dfes Potenzial f\u00fcr meine deutsch-mexikanische Mannschaft in diesem prosperierenden Marktumfeld. Bis Ende des Jahres wollen wir auf 70 Mitarbeiter wachsen und mittelfristig unser Angebot im Bereich der Simulation ausweiten und einen Versuchsbau aufbauen. Die Nachfrage ist bereits heute sp\u00fcrbar.\u201c<\/p>\n<p>Exakt drei Wochen vor der Einweihung der mexikanischen Niederlassung, er\u00f6ffnete EDAG CEO J\u00f6rg Ohlsen in Seoul einen weiteren Standort der EDAG. In der Hauptstadt von S\u00fcd Korea wird das EDAG-Tochterunternehmen EDAG Production Solutions GmbH &amp; Co. KG (EDAG PS) ihre mittlerweile 16. eigene Niederlassungen betreiben. Seoul bietet als Traditionsstandort f\u00fcr den Werkzeugbau eine interessante Perspektive f\u00fcr unsere Spezialisten im Umfeld des Produktionsengineerings. \u201eWir finden auf dem lokalen Arbeitsmarkt erfahrene Spezialisten vor, mit denen wir unsere weltweiten Kapazit\u00e4ten in der\u00c2\u00a0 Werkzeugkonstruktion ausweiten k\u00f6nnen.\u201c, erl\u00e4uterte Rainer Wittich, CEO der EDAG PS. \u201eZum anderen werden wir die s\u00fcdkoreanischen Werkzeugbauer bei Ihrem Ziel unterst\u00fctzen, ihre Produkte nach Europa zu exportieren.\u201c<\/p>\n","protected":false},"excerpt":{"rendered":"<div class=\"tmnf_excerpt\"><p>Fulda. Im September 2013 hat EDAG mit der Er\u00f6ffnung der neuen Standorte in Puebla Pue. (Mexiko) und Seoul (S\u00fcdkorea) ihre Expansionspl\u00e4ne weiter erfolgreich umgesetzt und die internationale Pr\u00e4senz in den automobilen Wachstumsm\u00e4rkten verst\u00e4rkt. Im Mexiko startet EDAG mit einem aktuell 46-k\u00f6pfigen Fahrzeugentwicklungsteam. In Seoul hat das Tochterunternehmen EDAG Production Solutions ein Team von 12 Mitarbeitern &hellip;<\/p>\n<\/div>","protected":false},"author":1,"featured_media":0,"comment_status":"closed","ping_status":"closed","sticky":false,"template":"","format":"standard","meta":{"footnotes":""},"categories":[1,78],"tags":[],"class_list":["post-115025","post","type-post","status-publish","format-standard","hentry","category-startseite","category-topthema"],"_links":{"self":[{"href":"https:\/\/www.fuldaernachrichten.de\/index.php?rest_route=\/wp\/v2\/posts\/115025","targetHints":{"allow":["GET"]}}],"collection":[{"href":"https:\/\/www.fuldaernachrichten.de\/index.php?rest_route=\/wp\/v2\/posts"}],"about":[{"href":"https:\/\/www.fuldaernachrichten.de\/index.php?rest_route=\/wp\/v2\/types\/post"}],"author":[{"embeddable":true,"href":"https:\/\/www.fuldaernachrichten.de\/index.php?rest_route=\/wp\/v2\/users\/1"}],"replies":[{"embeddable":true,"href":"https:\/\/www.fuldaernachrichten.de\/index.php?rest_route=%2Fwp%2Fv2%2Fcomments&post=115025"}],"version-history":[{"count":2,"href":"https:\/\/www.fuldaernachrichten.de\/index.php?rest_route=\/wp\/v2\/posts\/115025\/revisions"}],"predecessor-version":[{"id":115069,"href":"https:\/\/www.fuldaernachrichten.de\/index.php?rest_route=\/wp\/v2\/posts\/115025\/revisions\/115069"}],"wp:attachment":[{"href":"https:\/\/www.fuldaernachrichten.de\/index.php?rest_route=%2Fwp%2Fv2%2Fmedia&parent=115025"}],"wp:term":[{"taxonomy":"category","embeddable":true,"href":"https:\/\/www.fuldaernachrichten.de\/index.php?rest_route=%2Fwp%2Fv2%2Fcategories&post=115025"},{"taxonomy":"post_tag","embeddable":true,"href":"https:\/\/www.fuldaernachrichten.de\/index.php?rest_route=%2Fwp%2Fv2%2Ftags&post=115025"}],"curies":[{"name":"wp","href":"https:\/\/api.w.org\/{rel}","templated":true}]}}