{"id":115022,"date":"2013-10-08T06:02:33","date_gmt":"2013-10-08T06:02:33","guid":{"rendered":"http:\/\/www.fuldaer-nachrichten.de\/?p=115022"},"modified":"2013-10-08T06:02:33","modified_gmt":"2013-10-08T06:02:33","slug":"kreisgesundheitsamt-empfiehlt-grippeschutzimpfung-ab-oktobernovember-durchfuehren-zu-lassen","status":"publish","type":"post","link":"https:\/\/www.fuldaernachrichten.de\/?p=115022","title":{"rendered":"Kreisgesundheitsamt empfiehlt Grippeschutzimpfung ab Oktober\/November durchf\u00fchren zu lassen"},"content":{"rendered":"<p><img decoding=\"async\" class=\"alignleft size-thumbnail wp-image-115023\" alt=\"447-Grippeschutzimpfung\" src=\"http:\/\/www.fuldaer-nachrichten.de\/wp-content\/uploads\/2013\/10\/447-Grippeschutzimpfung-265x176.jpg\" width=\"265\" height=\"176\" srcset=\"https:\/\/www.fuldaernachrichten.de\/wp-content\/uploads\/2013\/10\/447-Grippeschutzimpfung-265x176.jpg 265w, https:\/\/www.fuldaernachrichten.de\/wp-content\/uploads\/2013\/10\/447-Grippeschutzimpfung.jpg 600w\" sizes=\"(max-width: 265px) 100vw, 265px\" \/>Fulda. Die kalte Jahreszeit beginnt, die n\u00e4chste Grippewelle wird nicht mehr lange auf sich warten lassen. Wer sich vor einer Influenza-Infektion sch\u00fctzen will, sollte sich jetzt impfen lassen. Im Interview geben Roland Stepan, Leiter des Kreisgesundheitsamtes, und Bozena Wieczorek, Leiterin des kinder- und jugend\u00e4rztlichen Dienstes, Antworten auf Fragen rund um den Grippeschutz.<!--more--><b> <\/b><\/p>\n<p><strong><i>Wann ist der beste Zeitpunkt f\u00fcr eine Grippeschutzimpfung?<\/i><\/strong><\/p>\n<p>Roland Stepan: Die Impfung sollte rechtzeitig vor der Grippesaison durchgef\u00fchrt werden. Die besten Impfmonate sind Oktober und November, da es etwa zwei Wochen dauert, bis der K\u00f6rper gen\u00fcgend Antik\u00f6rper produziert hat, um vor einer Influenza-Infektion gesch\u00fctzt zu sein.<\/p>\n<p><strong><i>Wer sollte sich impfen lassen?<\/i><\/strong><\/p>\n<p>Bozena Wieczorek:<b> <\/b>Die St\u00e4ndige Impfkommission empfiehlt die Impfung insbesondere Menschen, die \u00fcber 60 Jahre alt sind, Kindern und Erwachsenen, die an chronischen Krankheiten leiden, Bewohnern von Alten- und Pflegeheimen, medizinischem Personal, Personen in Einrichtungen mit hohem Publikumsverkehr sowie Schwangeren ab dem zweiten Schwangerschaftsdrittel.<\/p>\n<p><strong><i>Warum muss die Grippeschutzimpfung jedes Jahr erneut durchgef\u00fchrt werden?<\/i><\/strong><\/p>\n<p>Roland Stepan: Von Saison zu Saison variieren die vorherrschenden Virustypen. Daher wird der Grippe-Impfstoff j\u00e4hrlich neu produziert und den aktuell auftretenden Virus-Varianten angepasst. Die genaue Impfstoffzusammensetzung wird jedes Jahr von der Weltgesundheitsorganisation empfohlen. Der Impfstoff enth\u00e4lt die drei Virustypen, die derzeit f\u00fcr die Mehrzahl der Influenza-Infektionen verantwortlich sind. In dem aktuellen Impfstoff ist auch eine Komponente enthalten, die gegen das Schweinegrippevirus sch\u00fctzt.<\/p>\n<p><i><strong>Bietet die Impfung einen hundertprozentigen Schutz?<\/strong> <\/i><\/p>\n<p>Roland Stepan: Einen hundertprozentigen Schutz vor der Virus-Grippe bietet die Impfung nicht. Wir gehen allerdings davon aus, dass die Impfung einen hohen Prozentsatz der Geimpften vor einer Ansteckung bewahrt.<\/p>\n<p><i><strong>Mit welchen Nebenwirkungen muss man bei der Spritze rechnen?<\/strong> <\/i><\/p>\n<p>Bozena Wieczorek: Die Grippeschutzimpfung wird eigentlich gut vertragen. Es kann aber zu einer R\u00f6tung oder Schwellung an der Einstichstelle kommen, die auch ein wenig schmerzen kann. Zu den m\u00f6glichen Nebenwirkungen z\u00e4hlen auch eine erh\u00f6hte K\u00f6rpertemperatur und leichtes Unwohlsein. Die Beschwerden klingen aber nach ein bis zwei Tagen wieder ab.<\/p>\n<p><strong><i>Wer sollte sich nicht impfen lassen?<\/i><\/strong><\/p>\n<p>Bozena Wieczorek: Bei ausgepr\u00e4gter \u00dcberempfindlichkeit gegen H\u00fchnereiwei\u00df oder einen anderen Bestandteil des Grippeimpfstoffes oder bei akuten oder fieberhaften Erkrankungen sollte man sich nicht impfen lassen.<\/p>\n<p><i><strong>Wo kann man sich impfen lassen und wer \u00fcbernimmt die Kosten?<\/strong> <\/i><\/p>\n<p>Roland Stepan: Die Grippeschutzimpfung wird in der Regel in allgemeinmedizinischen, internistischen und frauen\u00e4rztlichen Praxen sowie beim Kinderarzt durchgef\u00fchrt. Die gesetzlichen Krankenkassen tragen die Kosten f\u00fcr die\u00c2\u00a0 Personengruppen, denen eine Impfung von der St\u00e4ndigen Impfkommission empfohlen wird. Grunds\u00e4tzlich sollte die M\u00f6glichkeit der Grippeschutzimpfung mit dem behandelnden Arzt besprochen werden.<\/p>\n<p>Foto: Max Colin Heydenreich \/ Interview: Dorit Heydenreich<\/p>\n","protected":false},"excerpt":{"rendered":"<div class=\"tmnf_excerpt\"><p>Fulda. Die kalte Jahreszeit beginnt, die n\u00e4chste Grippewelle wird nicht mehr lange auf sich warten lassen. Wer sich vor einer Influenza-Infektion sch\u00fctzen will, sollte sich jetzt impfen lassen. Im Interview geben Roland Stepan, Leiter des Kreisgesundheitsamtes, und Bozena Wieczorek, Leiterin des kinder- und jugend\u00e4rztlichen Dienstes, Antworten auf Fragen rund um den Grippeschutz.<\/p>\n<\/div>","protected":false},"author":1,"featured_media":0,"comment_status":"closed","ping_status":"closed","sticky":false,"template":"","format":"standard","meta":{"footnotes":""},"categories":[1,51],"tags":[],"class_list":["post-115022","post","type-post","status-publish","format-standard","hentry","category-startseite","category-medizin"],"_links":{"self":[{"href":"https:\/\/www.fuldaernachrichten.de\/index.php?rest_route=\/wp\/v2\/posts\/115022","targetHints":{"allow":["GET"]}}],"collection":[{"href":"https:\/\/www.fuldaernachrichten.de\/index.php?rest_route=\/wp\/v2\/posts"}],"about":[{"href":"https:\/\/www.fuldaernachrichten.de\/index.php?rest_route=\/wp\/v2\/types\/post"}],"author":[{"embeddable":true,"href":"https:\/\/www.fuldaernachrichten.de\/index.php?rest_route=\/wp\/v2\/users\/1"}],"replies":[{"embeddable":true,"href":"https:\/\/www.fuldaernachrichten.de\/index.php?rest_route=%2Fwp%2Fv2%2Fcomments&post=115022"}],"version-history":[{"count":1,"href":"https:\/\/www.fuldaernachrichten.de\/index.php?rest_route=\/wp\/v2\/posts\/115022\/revisions"}],"predecessor-version":[{"id":115024,"href":"https:\/\/www.fuldaernachrichten.de\/index.php?rest_route=\/wp\/v2\/posts\/115022\/revisions\/115024"}],"wp:attachment":[{"href":"https:\/\/www.fuldaernachrichten.de\/index.php?rest_route=%2Fwp%2Fv2%2Fmedia&parent=115022"}],"wp:term":[{"taxonomy":"category","embeddable":true,"href":"https:\/\/www.fuldaernachrichten.de\/index.php?rest_route=%2Fwp%2Fv2%2Fcategories&post=115022"},{"taxonomy":"post_tag","embeddable":true,"href":"https:\/\/www.fuldaernachrichten.de\/index.php?rest_route=%2Fwp%2Fv2%2Ftags&post=115022"}],"curies":[{"name":"wp","href":"https:\/\/api.w.org\/{rel}","templated":true}]}}