{"id":115016,"date":"2013-10-08T06:00:01","date_gmt":"2013-10-08T06:00:01","guid":{"rendered":"http:\/\/www.fuldaer-nachrichten.de\/?p=115016"},"modified":"2013-10-08T06:00:01","modified_gmt":"2013-10-08T06:00:01","slug":"schuelerin-der-eduard-stieler-schule-nimmt-an-hochbegabtenfoerderung-teil","status":"publish","type":"post","link":"https:\/\/www.fuldaernachrichten.de\/?p=115016","title":{"rendered":"Sch\u00fclerin der Eduard-Stieler-Schule nimmt an Hochbegabtenf\u00f6rderung teil"},"content":{"rendered":"<p><img decoding=\"async\" class=\"alignleft size-thumbnail wp-image-115019\" alt=\"4. Der Flaschenglobus\" src=\"http:\/\/www.fuldaer-nachrichten.de\/wp-content\/uploads\/2013\/10\/4.-Der-Flaschenglobus-265x169.jpg\" width=\"265\" height=\"169\" srcset=\"https:\/\/www.fuldaernachrichten.de\/wp-content\/uploads\/2013\/10\/4.-Der-Flaschenglobus-265x169.jpg 265w, https:\/\/www.fuldaernachrichten.de\/wp-content\/uploads\/2013\/10\/4.-Der-Flaschenglobus.jpg 600w\" sizes=\"(max-width: 265px) 100vw, 265px\" \/>Fulda. Auf Veranlassung der zust\u00e4ndigen Abteilungsleiterin am Beruflichen Gymnasium, Anke Bischof, und der Tutorin, Dr. Elke Bleifu\u00df, wurde Sabrina Kiel Anfang des Jahres die M\u00f6glichkeit gegeben, sich an der Deutschen Sch\u00fcler Akademie zu bewerben. Daraus ergab sich in den vergangenen Sommerferien f\u00fcr die Abiturientin der Fachrichtung Biologietechnik die Gelegenheit, an einem 16-t\u00e4gigen Kurs zur F\u00f6rderung besonders begabter, leistungsf\u00e4higer und mo\u00c2\u00adtivierter Sch\u00fcler der Sekundarstufe II in Schloss Torgelow an der M\u00fcritz teilzuneh\u00c2\u00admen.<!--more--><\/p>\n<p>Das Niveau des 50 Lehrstunden umfassenden Kurses orientiert sich dabei an den ersten Semestern des jeweiligen Studienfachs und wird durch zahlreiche Frei\u00c2\u00adzeit-aktivit\u00e4ten erg\u00e4nzt. Ein Ziel der Veranstaltung ist es gewesen, gemeinsame Inte\u00c2\u00adres\u00c2\u00adsen und Anspr\u00fcche zu zentralisieren und dadurch intellektuelle F\u00e4higkeiten zu f\u00f6r\u00c2\u00addern. In den Akademien mit jeweils 16 Teilnehmern und 2 Betreuern werden die Kursinhalte eigenverantwortlich mit Leben gef\u00fcllt. Sabrina bereitete daher bereits im Vorfeld eine Pr\u00e4sentation zum Thema \u201eSupererden\u201c vor, die im Kurs \u201eUnsere Welt wird gr\u00f6\u00dfer: Planeten bei anderen Sternen\u201c gehalten werden sollte. Als Quellen dienten daf\u00fcr zwei Forschungsberichte der NASA. Ein besonderes Highlight w\u00e4hrend des Kurses war eine Skype-Konferenz mit einem Exoplanetenforscher des HARPS-Teleskops in Chile.<\/p>\n<p><img fetchpriority=\"high\" decoding=\"async\" class=\"alignleft size-thumbnail wp-image-115018\" alt=\"2. Schloss Torgelow\" src=\"http:\/\/www.fuldaer-nachrichten.de\/wp-content\/uploads\/2013\/10\/2.-Schloss-Torgelow-265x229.jpg\" width=\"265\" height=\"229\" srcset=\"https:\/\/www.fuldaernachrichten.de\/wp-content\/uploads\/2013\/10\/2.-Schloss-Torgelow-265x229.jpg 265w, https:\/\/www.fuldaernachrichten.de\/wp-content\/uploads\/2013\/10\/2.-Schloss-Torgelow.jpg 600w\" sizes=\"(max-width: 265px) 100vw, 265px\" \/> <img decoding=\"async\" class=\"alignleft size-thumbnail wp-image-115020\" alt=\"5. Auf der Gorch Fock\" src=\"http:\/\/www.fuldaer-nachrichten.de\/wp-content\/uploads\/2013\/10\/5.-Auf-der-Gorch-Fock-265x198.jpg\" width=\"265\" height=\"198\" srcset=\"https:\/\/www.fuldaernachrichten.de\/wp-content\/uploads\/2013\/10\/5.-Auf-der-Gorch-Fock-265x198.jpg 265w, https:\/\/www.fuldaernachrichten.de\/wp-content\/uploads\/2013\/10\/5.-Auf-der-Gorch-Fock.jpg 600w\" sizes=\"(max-width: 265px) 100vw, 265px\" \/><\/p>\n<p>Auch an der Eduard-Stieler-Schule werden alle neuen Sch\u00fcler der Einf\u00fchrungsphase in Klasse 11 in einem zweit\u00e4gigen Pr\u00e4sentati\u00c2\u00adonsseminar in die modernen Pr\u00e4sentationstechniken eingewiesen. Weitere M\u00f6glichkeiten der F\u00f6rderung besonders leis\u00c2\u00adtungs\u00c2\u00adwilliger Sch\u00fcler bieten sich ferner im wahlweise angebotenen bilingualen Unter\u00c2\u00adricht und durch die Kooperation mit der Technischen Universit\u00e4t Clausthal sowie durch Studienfahrten mit direktem Unterrichtsbezug.<\/p>\n<p>Als Fazit sagt Sabrina \u201eIch h\u00e4tte so vieles verpasst, wenn meine Schule mich nicht vorgeschlagen h\u00e4tte und so w\u00fcnsche ich mir, dass dieses Angebot bekannter wird und, dass auch andere Sch\u00fcler diese M\u00f6glichkeit bekommen.\u201c Dank gilt auch dem\u00c2\u00a0 F\u00f6rderverein der Eduard-Stieler-Schule, der einen Zuschuss zur Eigenbeteiligung geleistet hatte.\u00c2\u00a0 Text: Bernhard Ilsemann \/ Fotos: Sabrina Kiel<\/p>\n<p>&nbsp;<\/p>\n","protected":false},"excerpt":{"rendered":"<div class=\"tmnf_excerpt\"><p>Fulda. Auf Veranlassung der zust\u00e4ndigen Abteilungsleiterin am Beruflichen Gymnasium, Anke Bischof, und der Tutorin, Dr. Elke Bleifu\u00df, wurde Sabrina Kiel Anfang des Jahres die M\u00f6glichkeit gegeben, sich an der Deutschen Sch\u00fcler Akademie zu bewerben. Daraus ergab sich in den vergangenen Sommerferien f\u00fcr die Abiturientin der Fachrichtung Biologietechnik die Gelegenheit, an einem 16-t\u00e4gigen Kurs zur F\u00f6rderung &hellip;<\/p>\n<\/div>","protected":false},"author":1,"featured_media":0,"comment_status":"closed","ping_status":"closed","sticky":false,"template":"","format":"standard","meta":{"footnotes":""},"categories":[1,53],"tags":[],"class_list":["post-115016","post","type-post","status-publish","format-standard","hentry","category-startseite","category-bildung"],"_links":{"self":[{"href":"https:\/\/www.fuldaernachrichten.de\/index.php?rest_route=\/wp\/v2\/posts\/115016","targetHints":{"allow":["GET"]}}],"collection":[{"href":"https:\/\/www.fuldaernachrichten.de\/index.php?rest_route=\/wp\/v2\/posts"}],"about":[{"href":"https:\/\/www.fuldaernachrichten.de\/index.php?rest_route=\/wp\/v2\/types\/post"}],"author":[{"embeddable":true,"href":"https:\/\/www.fuldaernachrichten.de\/index.php?rest_route=\/wp\/v2\/users\/1"}],"replies":[{"embeddable":true,"href":"https:\/\/www.fuldaernachrichten.de\/index.php?rest_route=%2Fwp%2Fv2%2Fcomments&post=115016"}],"version-history":[{"count":1,"href":"https:\/\/www.fuldaernachrichten.de\/index.php?rest_route=\/wp\/v2\/posts\/115016\/revisions"}],"predecessor-version":[{"id":115021,"href":"https:\/\/www.fuldaernachrichten.de\/index.php?rest_route=\/wp\/v2\/posts\/115016\/revisions\/115021"}],"wp:attachment":[{"href":"https:\/\/www.fuldaernachrichten.de\/index.php?rest_route=%2Fwp%2Fv2%2Fmedia&parent=115016"}],"wp:term":[{"taxonomy":"category","embeddable":true,"href":"https:\/\/www.fuldaernachrichten.de\/index.php?rest_route=%2Fwp%2Fv2%2Fcategories&post=115016"},{"taxonomy":"post_tag","embeddable":true,"href":"https:\/\/www.fuldaernachrichten.de\/index.php?rest_route=%2Fwp%2Fv2%2Ftags&post=115016"}],"curies":[{"name":"wp","href":"https:\/\/api.w.org\/{rel}","templated":true}]}}