{"id":115013,"date":"2013-10-08T05:00:40","date_gmt":"2013-10-08T05:00:40","guid":{"rendered":"http:\/\/www.fuldaer-nachrichten.de\/?p=115013"},"modified":"2013-10-08T05:56:56","modified_gmt":"2013-10-08T05:56:56","slug":"juan-cantalejo-valle-und-merita-thaqi-erhalten-bei-einbuergerungsfeier-im-kreishaus-deutsche-staatsangehoerigkeit","status":"publish","type":"post","link":"https:\/\/www.fuldaernachrichten.de\/?p=115013","title":{"rendered":"Juan Cantalejo Valle und Merita Thaqi erhalten bei Einb\u00fcrgerungsfeier im Kreishaus deutsche Staatsangeh\u00f6rigkeit"},"content":{"rendered":"<p><img fetchpriority=\"high\" decoding=\"async\" class=\"alignleft size-thumbnail wp-image-115014\" alt=\"446-Einb\u00fcrgerungen\" src=\"http:\/\/www.fuldaer-nachrichten.de\/wp-content\/uploads\/2013\/10\/446-Einb\u00fcrgerungen-265x383.jpg\" width=\"265\" height=\"383\" \/>Fulda\/Hosenfeld\/Kalbach. Mit der \u00dcberreichung der Einb\u00fcrgerungsurkunden finden Verfahren zur Verleihung der deutschen Staatsangeh\u00f6rigkeit ihren f\u00f6rmlichen Abschluss. Damit verbunden ist ein Treuebekenntnis auf das Grundgesetz und die Gesetze der Bundesrepublik Deutschland. Um der Bedeutung des Anlasses Rechnung zu tragen, wird die Einb\u00fcrgerung von ausl\u00e4ndischen Mitb\u00fcrgerinnen und Mitb\u00fcrgern im feierlichen Rahmen vollzogen. Dies gilt auch f\u00fcr den Landkreis Fulda, der als untere Verwaltungsbeh\u00f6rde das komplette Verfahren \u2013 von der Erstberatung und Entgegennahme der Antr\u00e4ge \u00fcber die Vorbereitung der eigentlichen Einb\u00fcrgerungsentscheidung, die dem Regierungspr\u00e4sidium obliegt, bis zur Aush\u00e4ndigung der Einb\u00fcrgerungsurkunden \u2013 federf\u00fchrend verantwortet, sofern die Bewerber ihren Hauptwohnsitz in St\u00e4dten und Gemeinden mit weniger als 7.500 Einwohner haben.<!--more--><\/p>\n<p>Bundesweit steigt die Zahl der Einb\u00fcrgerungen. Im letzten Jahr erhielten 112.348 Ausl\u00e4nder die deutsche Staatsangeh\u00f6rigkeit \u2013 5,1 Prozent mehr als in 2011. Laut Matthias Br\u00e4hler von der Kreisverwaltung Fulda seien die Fallzahlen im Landkreis zu gering, um eine generelle Tendenz herauszulesen. Im Jahr 2013 verzeichnet allerdings auch der Landkreis Fulda mit bislang 15 Einb\u00fcrgerungen steigende Zahlen. Dies h\u00e4ngt sicherlich damit zusammen, dass im Zuge der EU-Erweiterung immer mehr Bewerber ihre bisherige Staatsb\u00fcrgerschaft nicht mehr aufgeben m\u00fcssen, wenn sie Deutsche werden wollen.<\/p>\n<p>Erster Kreisbeigeordneter Dr. Heiko Wingenfeld sieht in der Einb\u00fcrgerung eine Einladung, sich aktiv und umfassend in das gesellschaftliche Leben der Region einzubringen. Aufgrund ihres interkulturellen Hintergrunds seien ausl\u00e4ndische Mitb\u00fcrgerinnen und Mitb\u00fcrger in besonderer Weise bef\u00e4higt, als Br\u00fcckenbauer f\u00fcr eine Willkommenskultur zu fungieren. Bei der letzten Einb\u00fcrgerungsfeier im Kreishaus wenige Tage vor der Bundes- und Landtagswahl appellierte der Vize-Landrat, vom neu erworbenen Wahlrecht Gebrauch zu machen und sich in das \u00f6rtliche W\u00e4hlerverzeichnis eintragen zu lassen.<\/p>\n<p>Dies wollte Juan Cantalejo Valle, der mit seiner vierk\u00f6pfigen Familie in Hosenfeld wohnt, tun. Der geb\u00fcrtige Fuldaer ist spanischer Abstammung und hat als Vertriebsmitarbeiter einer weltweit operierenden Maschinenbaufirma die Wertsch\u00e4tzung des deutschen Reisepasses kennen gelernt. Ehrenamtlich engagiert sich der 39-j\u00e4hrige als Jugend-Fu\u00dfballballtrainer. Bereits seit sieben Jahren lebt die aus dem Kosovo stammende Merita Thaqi in Deutschland. Vor drei Jahren kam die 36-j\u00e4hrige mit ihrem Mann, der schon l\u00e4nger die deutsche Staatsangeh\u00f6rigkeit besitzt, und den beiden T\u00f6chtern nach Niederkalbach.<\/p>\n","protected":false},"excerpt":{"rendered":"<div class=\"tmnf_excerpt\"><p>Fulda\/Hosenfeld\/Kalbach. Mit der \u00dcberreichung der Einb\u00fcrgerungsurkunden finden Verfahren zur Verleihung der deutschen Staatsangeh\u00f6rigkeit ihren f\u00f6rmlichen Abschluss. Damit verbunden ist ein Treuebekenntnis auf das Grundgesetz und die Gesetze der Bundesrepublik Deutschland. Um der Bedeutung des Anlasses Rechnung zu tragen, wird die Einb\u00fcrgerung von ausl\u00e4ndischen Mitb\u00fcrgerinnen und Mitb\u00fcrgern im feierlichen Rahmen vollzogen. Dies gilt auch f\u00fcr den &hellip;<\/p>\n<\/div>","protected":false},"author":1,"featured_media":0,"comment_status":"closed","ping_status":"closed","sticky":false,"template":"","format":"standard","meta":{"footnotes":""},"categories":[1],"tags":[],"class_list":["post-115013","post","type-post","status-publish","format-standard","hentry","category-startseite"],"_links":{"self":[{"href":"https:\/\/www.fuldaernachrichten.de\/index.php?rest_route=\/wp\/v2\/posts\/115013","targetHints":{"allow":["GET"]}}],"collection":[{"href":"https:\/\/www.fuldaernachrichten.de\/index.php?rest_route=\/wp\/v2\/posts"}],"about":[{"href":"https:\/\/www.fuldaernachrichten.de\/index.php?rest_route=\/wp\/v2\/types\/post"}],"author":[{"embeddable":true,"href":"https:\/\/www.fuldaernachrichten.de\/index.php?rest_route=\/wp\/v2\/users\/1"}],"replies":[{"embeddable":true,"href":"https:\/\/www.fuldaernachrichten.de\/index.php?rest_route=%2Fwp%2Fv2%2Fcomments&post=115013"}],"version-history":[{"count":1,"href":"https:\/\/www.fuldaernachrichten.de\/index.php?rest_route=\/wp\/v2\/posts\/115013\/revisions"}],"predecessor-version":[{"id":115015,"href":"https:\/\/www.fuldaernachrichten.de\/index.php?rest_route=\/wp\/v2\/posts\/115013\/revisions\/115015"}],"wp:attachment":[{"href":"https:\/\/www.fuldaernachrichten.de\/index.php?rest_route=%2Fwp%2Fv2%2Fmedia&parent=115013"}],"wp:term":[{"taxonomy":"category","embeddable":true,"href":"https:\/\/www.fuldaernachrichten.de\/index.php?rest_route=%2Fwp%2Fv2%2Fcategories&post=115013"},{"taxonomy":"post_tag","embeddable":true,"href":"https:\/\/www.fuldaernachrichten.de\/index.php?rest_route=%2Fwp%2Fv2%2Ftags&post=115013"}],"curies":[{"name":"wp","href":"https:\/\/api.w.org\/{rel}","templated":true}]}}