{"id":115009,"date":"2013-10-08T05:55:23","date_gmt":"2013-10-08T05:55:23","guid":{"rendered":"http:\/\/www.fuldaer-nachrichten.de\/?p=115009"},"modified":"2013-10-08T05:55:23","modified_gmt":"2013-10-08T05:55:23","slug":"agnes-herbert-bietet-im-caritas-wohnheim-freizeitgestaltung-und-begleitung-an","status":"publish","type":"post","link":"https:\/\/www.fuldaernachrichten.de\/?p=115009","title":{"rendered":"Agnes Herbert bietet im Caritas-Wohnheim Freizeitgestaltung und Begleitung an"},"content":{"rendered":"<p><b><img fetchpriority=\"high\" decoding=\"async\" class=\"alignleft size-thumbnail wp-image-115011\" alt=\"zu 74-cs_Ehrenamtliche Frau Herbert in Ratgarstra\u00dfe_Behindertenhilfe_1013\" src=\"http:\/\/www.fuldaer-nachrichten.de\/wp-content\/uploads\/2013\/10\/zu-74-cs_Ehrenamtliche-Frau-Herbert-in-Ratgarstra\u00dfe_Behindertenhilfe_10131-265x198.jpg\" width=\"265\" height=\"198\" \/>Fulda (cif).<\/b><b> <\/b>\u201eMir pers\u00f6nlich gef\u00e4llt vor allem die Gemeinschaft, die ich bei den w\u00f6chentlichen Besuchen in \u00e2\u20ac\u0161meiner\u00e2\u20ac\u02dc Wohngruppe erfahre!\u201c Agnes Herbert spricht von der Wohngruppe \u201eVitus\u201c im Caritas Wohnheim f\u00fcr Menschen mit Behinderung. Seit vielen Jahren besucht sie die Bewohner in jeder Woche f\u00fcr rund vier Stunden und bietet ihnen Freizeitaktivit\u00e4ten an: neben individueller Begleitung beim Einkaufen oder bei notwendigen G\u00e4ngen wie Arztbesuche organisiert sie Spielnachmittage, oder sie liest etwas vor. Auch gemeinsames Singen hat schon stattgefunden.<!--more--><\/p>\n<p>Die Angebote von Agnes Herbert erfreuen sich gro\u00dfer Beliebtheit, jeder aus der Wohngruppe kennt die Ehrenamtliche und hat mit ihr schon etwas unternommen \u2013 zusammen in der Gruppe oder eben auch allein. L\u00e4ngst schon geh\u00f6rt Frau Herbert mit dazu, wenn es einen Geburtstag oder anderes zu feiern gibt. Ganz selbstverst\u00e4ndlich ist sie da auch eingeladen.<\/p>\n<p>Agnes Herbert m\u00f6chte ihre Freiwilligent\u00e4tigkeit auf keinen Fall mehr missen: \u201eEs ist eine gro\u00dfe Bereicherung f\u00fcr meinen Alltag\u201c, unterstreicht sie. Und f\u00fcr alle, die selbst mit solch einem Engagement lieb\u00e4ugeln, hat sie auch einen Ratschlag: \u201eProbiert es einfach aus, macht den ersten Schritt. Der Rest kommt ganz von alleine. Allein das Gef\u00fchl, dass sich die Menschen mit Behinderung dar\u00fcber freuen, wenn du nach einer Woche wieder kommst, ist unbeschreiblich sch\u00f6n!\u201c<\/p>\n<p>Interessierte an der Freiwilligent\u00e4tigkeit in den Wohnheimen der Caritas Behindertenhilfe k\u00f6nnen sich an den stellvertretenden Leiter der Wohnheime, Thomas Vogel, wenden. \u201eWir suchen immer Menschen, die bereits sind und Freude daran haben, unsere Heimbewohner in ihrer Freizeit zu begleiten! Melden Sie sich doch einfach einmal, damit wir uns kennenlernen und die M\u00f6glichkeiten eines Einsatzes in Ruhe besprechen k\u00f6nnen.\u201c<br \/>\nDie Kontaktdaten: Tel. 0661 \/ 6205-338, <a href=\"mailto:thomas.vogel@caritas-fulda.de\">thomas.vogel@caritas-fulda.de<\/a>, <a href=\"http:\/\/www.behindertenhilfe-fulda.de\">www.behindertenhilfe-fulda.de<\/a>.<\/p>\n","protected":false},"excerpt":{"rendered":"<div class=\"tmnf_excerpt\"><p>Fulda (cif). \u201eMir pers\u00f6nlich gef\u00e4llt vor allem die Gemeinschaft, die ich bei den w\u00f6chentlichen Besuchen in \u00e2\u20ac\u0161meiner\u00e2\u20ac\u02dc Wohngruppe erfahre!\u201c Agnes Herbert spricht von der Wohngruppe \u201eVitus\u201c im Caritas Wohnheim f\u00fcr Menschen mit Behinderung. Seit vielen Jahren besucht sie die Bewohner in jeder Woche f\u00fcr rund vier Stunden und bietet ihnen Freizeitaktivit\u00e4ten an: neben individueller Begleitung &hellip;<\/p>\n<\/div>","protected":false},"author":1,"featured_media":0,"comment_status":"closed","ping_status":"closed","sticky":false,"template":"","format":"standard","meta":{"footnotes":""},"categories":[1],"tags":[],"class_list":["post-115009","post","type-post","status-publish","format-standard","hentry","category-startseite"],"_links":{"self":[{"href":"https:\/\/www.fuldaernachrichten.de\/index.php?rest_route=\/wp\/v2\/posts\/115009","targetHints":{"allow":["GET"]}}],"collection":[{"href":"https:\/\/www.fuldaernachrichten.de\/index.php?rest_route=\/wp\/v2\/posts"}],"about":[{"href":"https:\/\/www.fuldaernachrichten.de\/index.php?rest_route=\/wp\/v2\/types\/post"}],"author":[{"embeddable":true,"href":"https:\/\/www.fuldaernachrichten.de\/index.php?rest_route=\/wp\/v2\/users\/1"}],"replies":[{"embeddable":true,"href":"https:\/\/www.fuldaernachrichten.de\/index.php?rest_route=%2Fwp%2Fv2%2Fcomments&post=115009"}],"version-history":[{"count":1,"href":"https:\/\/www.fuldaernachrichten.de\/index.php?rest_route=\/wp\/v2\/posts\/115009\/revisions"}],"predecessor-version":[{"id":115012,"href":"https:\/\/www.fuldaernachrichten.de\/index.php?rest_route=\/wp\/v2\/posts\/115009\/revisions\/115012"}],"wp:attachment":[{"href":"https:\/\/www.fuldaernachrichten.de\/index.php?rest_route=%2Fwp%2Fv2%2Fmedia&parent=115009"}],"wp:term":[{"taxonomy":"category","embeddable":true,"href":"https:\/\/www.fuldaernachrichten.de\/index.php?rest_route=%2Fwp%2Fv2%2Fcategories&post=115009"},{"taxonomy":"post_tag","embeddable":true,"href":"https:\/\/www.fuldaernachrichten.de\/index.php?rest_route=%2Fwp%2Fv2%2Ftags&post=115009"}],"curies":[{"name":"wp","href":"https:\/\/api.w.org\/{rel}","templated":true}]}}