{"id":115006,"date":"2013-10-08T05:53:32","date_gmt":"2013-10-08T05:53:32","guid":{"rendered":"http:\/\/www.fuldaer-nachrichten.de\/?p=115006"},"modified":"2013-10-08T05:53:32","modified_gmt":"2013-10-08T05:53:32","slug":"3-342-menschen-wanderten-mit-hr4-nuesttal-silges-gewinnt-titel-hr4-wanderort-des-jahres","status":"publish","type":"post","link":"https:\/\/www.fuldaernachrichten.de\/?p=115006","title":{"rendered":"3.342 Menschen wanderten mit hr4  &#8211; N\u00fcsttal-Silges gewinnt Titel \u201ehr4-Wanderort des Jahres\u201c"},"content":{"rendered":"<div id=\"attachment_115007\" style=\"width: 275px\" class=\"wp-caption alignleft\"><img fetchpriority=\"high\" decoding=\"async\" aria-describedby=\"caption-attachment-115007\" class=\"size-thumbnail wp-image-115007\" alt=\"Foto: hr\/Lars Br\u00fcckmann\" src=\"http:\/\/www.fuldaer-nachrichten.de\/wp-content\/uploads\/2013\/10\/131008_Silges-265x191.jpg\" width=\"265\" height=\"191\" srcset=\"https:\/\/www.fuldaernachrichten.de\/wp-content\/uploads\/2013\/10\/131008_Silges-265x191.jpg 265w, https:\/\/www.fuldaernachrichten.de\/wp-content\/uploads\/2013\/10\/131008_Silges.jpg 600w\" sizes=\"(max-width: 265px) 100vw, 265px\" \/><p id=\"caption-attachment-115007\" class=\"wp-caption-text\">Foto: hr\/Lars Br\u00fcckmann<\/p><\/div>\n<p>N\u00fcsttal-Silges sichert sich mit 1.794 Wanderern den Titel \u201ehr4-Wanderort 2013\u201c. Mit so vielen Teilnehmern war Silges nicht zu schlagen. Sie alle waren am Samstag, 28. September, in den Ort im Landkreis Fulda gekommen, um mit hr4 eine rund zw\u00f6lf Kilometer lange Rundstrecke zu wandern und anschlie\u00dfend bei einem Konzert mit Stargast Laura Wilde zu feiern. Insgesamt haben sich genau 3.342 Menschen an den hr4-Wandertagen beteiligt. Gut 70 Silgeser waren am 6. Oktober mit ihrem Ortsvorsteher Arnold Will nach Bad K\u00f6nig gefahren, um am Ende des letzten hr4-Wandertags die Gl\u00fcckw\u00fcnsche von Programmchef Rainer G\u00f6tze entgegenzunehmen. Die Gemeinde gewinnt mit dem Titel auch 5.000 Euro \u2013 gestiftet von der Qualit\u00e4tsmarke \u201eGepr\u00fcfte Qualit\u00e4t &#8211; Hessen\u201c.<br \/>\n<!--more--><br \/>\nDas Hessenradio hr4 hatte aus den Bewerbungen von rund 30 Gemeinden die vier sch\u00f6nsten ausgesucht und dort an den letzten beiden September-Wochenenden zu den hr4-Wandertagen eingeladen. Ziel war es, so viele Wanderer wie m\u00f6glich auf eine Rundstrecke zu bringen. Vorher wurden die vier Gemeinden ausf\u00fchrlich im Radio vorgestellt. An den Wandertagen berichtete hr4 jeweils mehrmals live aus den Gemeinden. In Hofheim am Taunus waren am 29. September 630 Teilnehmer mitgewandert, in Lichtenfels-Dalwigksthal am 5. Oktober 456 und in Bad K\u00f6nig am 6. Oktober 462.<\/p>\n","protected":false},"excerpt":{"rendered":"<div class=\"tmnf_excerpt\"><p>N\u00fcsttal-Silges sichert sich mit 1.794 Wanderern den Titel \u201ehr4-Wanderort 2013\u201c. Mit so vielen Teilnehmern war Silges nicht zu schlagen. Sie alle waren am Samstag, 28. September, in den Ort im Landkreis Fulda gekommen, um mit hr4 eine rund zw\u00f6lf Kilometer lange Rundstrecke zu wandern und anschlie\u00dfend bei einem Konzert mit Stargast Laura Wilde zu feiern. &hellip;<\/p>\n<\/div>","protected":false},"author":1,"featured_media":0,"comment_status":"closed","ping_status":"closed","sticky":false,"template":"","format":"standard","meta":{"footnotes":""},"categories":[1],"tags":[],"class_list":["post-115006","post","type-post","status-publish","format-standard","hentry","category-startseite"],"_links":{"self":[{"href":"https:\/\/www.fuldaernachrichten.de\/index.php?rest_route=\/wp\/v2\/posts\/115006","targetHints":{"allow":["GET"]}}],"collection":[{"href":"https:\/\/www.fuldaernachrichten.de\/index.php?rest_route=\/wp\/v2\/posts"}],"about":[{"href":"https:\/\/www.fuldaernachrichten.de\/index.php?rest_route=\/wp\/v2\/types\/post"}],"author":[{"embeddable":true,"href":"https:\/\/www.fuldaernachrichten.de\/index.php?rest_route=\/wp\/v2\/users\/1"}],"replies":[{"embeddable":true,"href":"https:\/\/www.fuldaernachrichten.de\/index.php?rest_route=%2Fwp%2Fv2%2Fcomments&post=115006"}],"version-history":[{"count":1,"href":"https:\/\/www.fuldaernachrichten.de\/index.php?rest_route=\/wp\/v2\/posts\/115006\/revisions"}],"predecessor-version":[{"id":115008,"href":"https:\/\/www.fuldaernachrichten.de\/index.php?rest_route=\/wp\/v2\/posts\/115006\/revisions\/115008"}],"wp:attachment":[{"href":"https:\/\/www.fuldaernachrichten.de\/index.php?rest_route=%2Fwp%2Fv2%2Fmedia&parent=115006"}],"wp:term":[{"taxonomy":"category","embeddable":true,"href":"https:\/\/www.fuldaernachrichten.de\/index.php?rest_route=%2Fwp%2Fv2%2Fcategories&post=115006"},{"taxonomy":"post_tag","embeddable":true,"href":"https:\/\/www.fuldaernachrichten.de\/index.php?rest_route=%2Fwp%2Fv2%2Ftags&post=115006"}],"curies":[{"name":"wp","href":"https:\/\/api.w.org\/{rel}","templated":true}]}}