{"id":114998,"date":"2013-10-08T05:48:54","date_gmt":"2013-10-08T05:48:54","guid":{"rendered":"http:\/\/www.fuldaer-nachrichten.de\/?p=114998"},"modified":"2013-10-08T05:48:54","modified_gmt":"2013-10-08T05:48:54","slug":"einfuehrung-zum-1-advent-ab-mitte-oktober-gibt-es-das-neue-gotteslob","status":"publish","type":"post","link":"https:\/\/www.fuldaernachrichten.de\/?p=114998","title":{"rendered":"Einf\u00fchrung zum 1. Advent &#8211; Ab Mitte Oktober gibt es das neue Gotteslob"},"content":{"rendered":"<p><img fetchpriority=\"high\" decoding=\"async\" class=\"alignleft size-thumbnail wp-image-114999\" alt=\"Fulda_Cabra_schwarz\" src=\"http:\/\/www.fuldaer-nachrichten.de\/wp-content\/uploads\/2013\/10\/Fulda_Cabra_schwarz-265x430.jpg\" width=\"265\" height=\"430\" srcset=\"https:\/\/www.fuldaernachrichten.de\/wp-content\/uploads\/2013\/10\/Fulda_Cabra_schwarz-265x430.jpg 265w, https:\/\/www.fuldaernachrichten.de\/wp-content\/uploads\/2013\/10\/Fulda_Cabra_schwarz-163x265.jpg 163w, https:\/\/www.fuldaernachrichten.de\/wp-content\/uploads\/2013\/10\/Fulda_Cabra_schwarz-369x600.jpg 369w, https:\/\/www.fuldaernachrichten.de\/wp-content\/uploads\/2013\/10\/Fulda_Cabra_schwarz.jpg 600w\" sizes=\"(max-width: 265px) 100vw, 265px\" \/>Fulda. Das lang erwartete neue Gotteslob wird Mitte Oktober erscheinen. Das neue Gesangbuch ist gr\u00f6\u00dfer und damit benutzerfreundlicher als das Vorg\u00e4ngerbuch von 1975. Das Layout ist zwei\u00c2\u00adfarbig (schwarz und rot), die Schrift entspricht heutigen Lesegewohnheiten. Neben bekannten Liedern wurden viele neue Ges\u00e4nge aufgenommen, die in den letzten Jahren ent\u00c2\u00adstan\u00c2\u00adden sind (teilweise mit Akkordangaben). Es wurden dazu Lieder aus dem di\u00f6zesanen Repertoire vor 1975 wieder aufgenommen.<\/p>\n<p>Die Anzahl der Psalmen und Stundengebetsmodelle hat sich vergr\u00f6\u00dfert. Der Textteil ist auf die Vielfalt gottesdienstlicher Formen ausgerichtet, umfasst aber auch H\u00e4usliche Feiern, eine Gebetsschule und vieles mehr. Im Bistumsanhang Fulda neu sind eine Di\u00f6zesangeschichte sowie eine \u00dcbersicht der Fuldaer Heiligen und der Blutzeugen aus dem 20. Jahrhundert. Umfangreiche Verzeichnisse (z. B. Bibelstellenregister, Schlagwortregister, Verzeichnis der Psalmen und Psalmlieder), Sinnspr\u00fcche und Graphiken bereichern das Buch au\u00dferdem.<!--more--><\/p>\n<p>Das Buch wird zun\u00e4chst in drei Ausgaben erh\u00e4ltlich sein: eine preiswerte Ausgabe in dunkelblau mit Signet (Kreuz) in goldener Farbe zum Preis von 19,95 \u00e2\u201a\u00ac, und zwei Ausgaben in Lederfaserstoff schwarz oder wei\u00df mit Signet (Kreuz) in goldener Farbe und Goldschnitt zum Preis von jeweils 29,95 \u00e2\u201a\u00ac. Im ersten Quartal 2014 kommt dann noch eine Gro\u00dfdruckausgabe zum Preis von 26,95 \u00e2\u201a\u00ac dazu. \u201eDie Nachfrage ist riesig und die Vorbestellzahlen sind erfreulich gut\u201c, berichtet der Gesch\u00e4ftsf\u00fchrer von Parzellers Buchverlag, Rainer Klitsch. Erh\u00e4ltlich sein wird das Buch in allen Buchhandlungen des Bistums Fulda, in den Gesch\u00e4ftsstellen der Fuldaer Zeitung oder beim Verlag (Telefon 0661\/280-664).<\/p>\n<p>&nbsp;<\/p>\n<p>&nbsp;<\/p>\n<p><b>\u00c2\u00a0<\/b><\/p>\n<p>&nbsp;<\/p>\n","protected":false},"excerpt":{"rendered":"<div class=\"tmnf_excerpt\"><p>Fulda. Das lang erwartete neue Gotteslob wird Mitte Oktober erscheinen. Das neue Gesangbuch ist gr\u00f6\u00dfer und damit benutzerfreundlicher als das Vorg\u00e4ngerbuch von 1975. Das Layout ist zwei\u00c2\u00adfarbig (schwarz und rot), die Schrift entspricht heutigen Lesegewohnheiten. Neben bekannten Liedern wurden viele neue Ges\u00e4nge aufgenommen, die in den letzten Jahren ent\u00c2\u00adstan\u00c2\u00adden sind (teilweise mit Akkordangaben). Es wurden &hellip;<\/p>\n<\/div>","protected":false},"author":1,"featured_media":0,"comment_status":"closed","ping_status":"closed","sticky":false,"template":"","format":"standard","meta":{"footnotes":""},"categories":[1],"tags":[],"class_list":["post-114998","post","type-post","status-publish","format-standard","hentry","category-startseite"],"_links":{"self":[{"href":"https:\/\/www.fuldaernachrichten.de\/index.php?rest_route=\/wp\/v2\/posts\/114998","targetHints":{"allow":["GET"]}}],"collection":[{"href":"https:\/\/www.fuldaernachrichten.de\/index.php?rest_route=\/wp\/v2\/posts"}],"about":[{"href":"https:\/\/www.fuldaernachrichten.de\/index.php?rest_route=\/wp\/v2\/types\/post"}],"author":[{"embeddable":true,"href":"https:\/\/www.fuldaernachrichten.de\/index.php?rest_route=\/wp\/v2\/users\/1"}],"replies":[{"embeddable":true,"href":"https:\/\/www.fuldaernachrichten.de\/index.php?rest_route=%2Fwp%2Fv2%2Fcomments&post=114998"}],"version-history":[{"count":1,"href":"https:\/\/www.fuldaernachrichten.de\/index.php?rest_route=\/wp\/v2\/posts\/114998\/revisions"}],"predecessor-version":[{"id":115000,"href":"https:\/\/www.fuldaernachrichten.de\/index.php?rest_route=\/wp\/v2\/posts\/114998\/revisions\/115000"}],"wp:attachment":[{"href":"https:\/\/www.fuldaernachrichten.de\/index.php?rest_route=%2Fwp%2Fv2%2Fmedia&parent=114998"}],"wp:term":[{"taxonomy":"category","embeddable":true,"href":"https:\/\/www.fuldaernachrichten.de\/index.php?rest_route=%2Fwp%2Fv2%2Fcategories&post=114998"},{"taxonomy":"post_tag","embeddable":true,"href":"https:\/\/www.fuldaernachrichten.de\/index.php?rest_route=%2Fwp%2Fv2%2Ftags&post=114998"}],"curies":[{"name":"wp","href":"https:\/\/api.w.org\/{rel}","templated":true}]}}