{"id":114994,"date":"2013-10-08T00:09:55","date_gmt":"2013-10-08T00:09:55","guid":{"rendered":"http:\/\/www.fuldaer-nachrichten.de\/?p=114994"},"modified":"2013-10-08T05:44:52","modified_gmt":"2013-10-08T05:44:52","slug":"mehr-als-2-000-erstsemester-an-der-hochschule-fulda-begruesst","status":"publish","type":"post","link":"https:\/\/www.fuldaernachrichten.de\/?p=114994","title":{"rendered":"Mehr als 2.000 Erstsemester an der Hochschule Fulda begr\u00fc\u00dft"},"content":{"rendered":"<p><img fetchpriority=\"high\" decoding=\"async\" class=\"alignnone size-full wp-image-114995\" alt=\"Erstsemesterbegr\u00fc\u00dfung_Blick in die Halle\" src=\"http:\/\/www.fuldaer-nachrichten.de\/wp-content\/uploads\/2013\/10\/Erstsemesterbegr\u00fc\u00dfung_Blick-in-die-Halle.jpg\" width=\"560\" height=\"359\" \/><\/p>\n<p>Fulda. \u201eSie lernen bei uns in kleinen Gruppen und werden \u00fcberwiegend direkt von den Professorinnen und Professoren betreut\u201c, versicherte Hochschulpr\u00e4sident Prof. Dr. Karim Khakzar, als er am Montag dieser Woche mehr als 2.000 Erstsemester an der Hochschule Fulda willkommen hie\u00df. \u201eDiese pers\u00f6nliche Studienatmosph\u00e4re zeichnet unsere Hochschule aus und unterscheidet uns von den Massenuniversit\u00e4ten. Wir halten an unserem Profil fest, auch wenn die Hochschule w\u00e4chst, weil wir \u00fcberzeugt sind: Eine pers\u00f6nliche Studienatmosph\u00e4re motiviert und schafft bestm\u00f6gliche Lernbedingungen\u201c, erl\u00e4uterte der Pr\u00e4sident.<!--more--><\/p>\n<p>Im Wintersemester werden \u00fcber 7.000 Studentinnen und Studenten an der Hochschule Fulda eingeschrieben sein. Im vergangenen Jahr waren es 6.500. Damit ist ein neuer H\u00f6chststand erreicht. Um trotz wachsender Studierendenzahlen eine gute Betreuung zu gew\u00e4hrleisten, werden aus den Sondermitteln des Hochschulpakts weitere Stellen finanziert, um die Qualit\u00e4t in der Lehre sicherzustellen. Auf eine pers\u00f6nliche Studienatmosph\u00e4re zu setzen, habe sich, laut Khakzar, bislang immer ausgezahlt. Auch von den Absolventinnen und Absolventen wurde dies in der Vergangenheit immer wieder best\u00e4tigt und gelobt.<\/p>\n<p><img decoding=\"async\" class=\"alignleft size-thumbnail wp-image-114996\" alt=\"Erstsemesterbegr\u00fc\u00dfung_Gespr\u00e4ch\" src=\"http:\/\/www.fuldaer-nachrichten.de\/wp-content\/uploads\/2013\/10\/Erstsemesterbegr\u00fc\u00dfung_Gespr\u00e4ch-265x176.jpg\" width=\"265\" height=\"176\" \/>Die neuen Studierenden sind die ersten, die bereits mit Beginn ihres Studiums die neuen Geb\u00e4ude der Hochschule nutzen k\u00f6nnen. Die Mensa und die Bibliothek bieten nicht nur viel mehr Platz als die Vorg\u00e4ngerbauten. Sie haben dar\u00fcber hinaus ihre \u00d6ffnungszeiten ausgeweitet. Auch das Student Service Center ist nun in die Mitte des Campus ger\u00fcckt und damit besser erreichbar. Der zentrale Platz, um den sich die Neubauten gruppieren, bildet den neuen Mittelpunkt des Campus. \u201eAuch in baulicher Hinsicht haben wir hervorragende Rahmenbedingungen. Nur wenige Hochschulen in Deutschland sind so gut ausgestattet\u201c, betonte Khakzar.<\/p>\n<p>Unter den Erstsemestern nimmt wie in den vergangenen Jahren eine gro\u00dfe Zahl internationaler Studierender ihr Studium an der Hochschule Fulda auf. Viele von ihnen haben bereits ein erstes Bachelorstudium im Heimatland absolviert und qualifizieren sich nun mit einem Masterstudium an der Hochschule Fulda weiter. Insgesamt studieren derzeit \u00fcber 1.000 internationale Studierende in Fulda. Die Hochschule Fulda liegt beim prozentualen Anteil damit deutlich \u00fcber dem Bundesdurchschnitt. \u201eVom internationalen Flair auf dem Campus profitieren auch unsere deutschen Studierenden\u201c, ist Khakzar \u00fcberzeugt. \u201eSo lassen sich interkulturelle Kompetenzen auch im Rahmen des normalen Studiums an der Hochschule Fulda entwickeln.\u201c<\/p>\n<p>&nbsp;<\/p>\n","protected":false},"excerpt":{"rendered":"<div class=\"tmnf_excerpt\"><p>Fulda. \u201eSie lernen bei uns in kleinen Gruppen und werden \u00fcberwiegend direkt von den Professorinnen und Professoren betreut\u201c, versicherte Hochschulpr\u00e4sident Prof. Dr. Karim Khakzar, als er am Montag dieser Woche mehr als 2.000 Erstsemester an der Hochschule Fulda willkommen hie\u00df. \u201eDiese pers\u00f6nliche Studienatmosph\u00e4re zeichnet unsere Hochschule aus und unterscheidet uns von den Massenuniversit\u00e4ten. Wir halten &hellip;<\/p>\n<\/div>","protected":false},"author":1,"featured_media":0,"comment_status":"closed","ping_status":"closed","sticky":false,"template":"","format":"standard","meta":{"footnotes":""},"categories":[1,78],"tags":[],"class_list":["post-114994","post","type-post","status-publish","format-standard","hentry","category-startseite","category-topthema"],"_links":{"self":[{"href":"https:\/\/www.fuldaernachrichten.de\/index.php?rest_route=\/wp\/v2\/posts\/114994","targetHints":{"allow":["GET"]}}],"collection":[{"href":"https:\/\/www.fuldaernachrichten.de\/index.php?rest_route=\/wp\/v2\/posts"}],"about":[{"href":"https:\/\/www.fuldaernachrichten.de\/index.php?rest_route=\/wp\/v2\/types\/post"}],"author":[{"embeddable":true,"href":"https:\/\/www.fuldaernachrichten.de\/index.php?rest_route=\/wp\/v2\/users\/1"}],"replies":[{"embeddable":true,"href":"https:\/\/www.fuldaernachrichten.de\/index.php?rest_route=%2Fwp%2Fv2%2Fcomments&post=114994"}],"version-history":[{"count":1,"href":"https:\/\/www.fuldaernachrichten.de\/index.php?rest_route=\/wp\/v2\/posts\/114994\/revisions"}],"predecessor-version":[{"id":114997,"href":"https:\/\/www.fuldaernachrichten.de\/index.php?rest_route=\/wp\/v2\/posts\/114994\/revisions\/114997"}],"wp:attachment":[{"href":"https:\/\/www.fuldaernachrichten.de\/index.php?rest_route=%2Fwp%2Fv2%2Fmedia&parent=114994"}],"wp:term":[{"taxonomy":"category","embeddable":true,"href":"https:\/\/www.fuldaernachrichten.de\/index.php?rest_route=%2Fwp%2Fv2%2Fcategories&post=114994"},{"taxonomy":"post_tag","embeddable":true,"href":"https:\/\/www.fuldaernachrichten.de\/index.php?rest_route=%2Fwp%2Fv2%2Ftags&post=114994"}],"curies":[{"name":"wp","href":"https:\/\/api.w.org\/{rel}","templated":true}]}}