{"id":114992,"date":"2013-10-08T05:42:19","date_gmt":"2013-10-08T05:42:19","guid":{"rendered":"http:\/\/www.fuldaer-nachrichten.de\/?p=114992"},"modified":"2013-10-08T05:42:19","modified_gmt":"2013-10-08T05:42:19","slug":"beginn-des-2-bauabschnitts-der-strassenbauarbeiten-zwischen-ehrenbergwuestensachsen-und-ehrenbergreulbach","status":"publish","type":"post","link":"https:\/\/www.fuldaernachrichten.de\/?p=114992","title":{"rendered":"Beginn des 2. Bauabschnitts der Stra\u00dfenbauarbeiten zwischen Ehrenberg\/W\u00fcstensachsen und Ehrenberg\/Reulbach"},"content":{"rendered":"<p>Rh\u00f6n. Wie bereits von Hessen Mobil mitgeteilt, werden derzeit Stra\u00dfenbauarbeiten im Zuge der Bundesstra\u00dfe (B) 284 zwischen Ehrenberg\/W\u00fcstensachen und dem Abzweig zur Wasserkuppe durchgef\u00fchrt. Ab kommenden Montag, den 14. Oktober 2013, erfolgen die Arbeiten zur Erneuerung der Fahrbahndecke der B 284 nunmehr im 2. Bauabschnitt zwischen dem Abzweig der B 278 und dem Abzweig der K 38 nach Reulbach. <!--more--><\/p>\n<p>Die Bundesstra\u00dfe ist auch in diesem Bereich von verschiedenen Fahrbahnsch\u00e4den, wie beispielsweise Spurrinnen, Verdr\u00fccken und zahlreichen Rissen, sowie Substanzverlusten gekennzeichnet, so dass eine Erneuerung der Fahrbahn notwendig wird. Hierzu wird auf einer L\u00e4nge von ca. 1,65 km die schadhafte Fahrbahndecke abgefr\u00e4st und durch ein neues Asphaltpaket, bestehend aus Asphaltbinder- und Deckschicht, ersetzt. Dar\u00fcber hinaus werden die Bankette am Fahrbahnrand, sowie die Bordanlagen instandgesetzt. Ebenso erfolgt eine Sanierung der Stra\u00dfenentw\u00e4sserung.<\/p>\n<p>Zur Durchf\u00fchrung der Arbeiten muss die Bundesstra\u00dfe ebenfalls wieder voll gesperrt werden. Die Umleitung bleibt entsprechend ausgeschildert und f\u00fchrt f\u00fcr die Fahrtrichtung W\u00fcstensachen wieder auf der L 3068 \u00fcber Abtsroda bis Dietges, von dort weiter auf der B 458 nach Batten, und dann auf die B 278. In Fahrtrichtung Gersfeld wird der Verkehr weiterhin \u00fcber die B 278 bis zur Landesgrenze nach Bayern, dann auf die L 3396 bis Gersfeld und dann wiederum auf die B 284 umgeleitet.<\/p>\n<p>Im Kreuzungsbereich B 284 \/ K 38 wird der Verkehr ebenfalls wieder unter halbseitiger Fahrbahnsperrung mit Regelung durch verkehrsabh\u00e4ngige Lichtsignalanlagen am Baustellenbereich vorbeigef\u00fchrt. Die Bundesrepublik Deutschland investiert rund 830.000,&#8211; Euro in die Instandsetzung der B 284 und damit auch in eine Erh\u00f6hung der Verkehrssicherheit in diesem Bereich. Sofern die Bauarbeiten wie geplant durchgef\u00fchrt werden k\u00f6nnen, wird die Ma\u00dfnahme voraussichtlich Ende Oktober 2013 abgeschlossen.<\/p>\n","protected":false},"excerpt":{"rendered":"<div class=\"tmnf_excerpt\"><p>Rh\u00f6n. Wie bereits von Hessen Mobil mitgeteilt, werden derzeit Stra\u00dfenbauarbeiten im Zuge der Bundesstra\u00dfe (B) 284 zwischen Ehrenberg\/W\u00fcstensachen und dem Abzweig zur Wasserkuppe durchgef\u00fchrt. Ab kommenden Montag, den 14. Oktober 2013, erfolgen die Arbeiten zur Erneuerung der Fahrbahndecke der B 284 nunmehr im 2. Bauabschnitt zwischen dem Abzweig der B 278 und dem Abzweig der &hellip;<\/p>\n<\/div>","protected":false},"author":1,"featured_media":0,"comment_status":"closed","ping_status":"closed","sticky":false,"template":"","format":"standard","meta":{"footnotes":""},"categories":[1],"tags":[],"class_list":["post-114992","post","type-post","status-publish","format-standard","hentry","category-startseite"],"_links":{"self":[{"href":"https:\/\/www.fuldaernachrichten.de\/index.php?rest_route=\/wp\/v2\/posts\/114992","targetHints":{"allow":["GET"]}}],"collection":[{"href":"https:\/\/www.fuldaernachrichten.de\/index.php?rest_route=\/wp\/v2\/posts"}],"about":[{"href":"https:\/\/www.fuldaernachrichten.de\/index.php?rest_route=\/wp\/v2\/types\/post"}],"author":[{"embeddable":true,"href":"https:\/\/www.fuldaernachrichten.de\/index.php?rest_route=\/wp\/v2\/users\/1"}],"replies":[{"embeddable":true,"href":"https:\/\/www.fuldaernachrichten.de\/index.php?rest_route=%2Fwp%2Fv2%2Fcomments&post=114992"}],"version-history":[{"count":1,"href":"https:\/\/www.fuldaernachrichten.de\/index.php?rest_route=\/wp\/v2\/posts\/114992\/revisions"}],"predecessor-version":[{"id":114993,"href":"https:\/\/www.fuldaernachrichten.de\/index.php?rest_route=\/wp\/v2\/posts\/114992\/revisions\/114993"}],"wp:attachment":[{"href":"https:\/\/www.fuldaernachrichten.de\/index.php?rest_route=%2Fwp%2Fv2%2Fmedia&parent=114992"}],"wp:term":[{"taxonomy":"category","embeddable":true,"href":"https:\/\/www.fuldaernachrichten.de\/index.php?rest_route=%2Fwp%2Fv2%2Fcategories&post=114992"},{"taxonomy":"post_tag","embeddable":true,"href":"https:\/\/www.fuldaernachrichten.de\/index.php?rest_route=%2Fwp%2Fv2%2Ftags&post=114992"}],"curies":[{"name":"wp","href":"https:\/\/api.w.org\/{rel}","templated":true}]}}