{"id":114988,"date":"2013-10-08T05:40:34","date_gmt":"2013-10-08T05:40:34","guid":{"rendered":"http:\/\/www.fuldaer-nachrichten.de\/?p=114988"},"modified":"2013-10-08T05:40:34","modified_gmt":"2013-10-08T05:40:34","slug":"schlagerparade-in-der-wigbertschule","status":"publish","type":"post","link":"https:\/\/www.fuldaernachrichten.de\/?p=114988","title":{"rendered":"SchlagerPARADE in der Wigbertschule"},"content":{"rendered":"<p>H\u00fcnfeld. Am Donnerstag, 10. Oktober 2013, veranstaltet die Wigbertschule um 19:30 Uhr eine SchlagerPARADE in ihrer Aula. Der Schulchor \u201eVoice Garden\u201c, das H\u00fcnfelder Kammerorchester an der Wigbertschule, Musikkurse der Jahrgangsstufen 5 und 6 sowie Gesangs- und Instrumentalsolisten pr\u00e4sentieren Hits aus alter und neuer Zeit, f\u00fcr die Ohrwurmgarantie besteht. Der Eintritt zur SchlagerPARADE ist frei. Eine Spende am Ausgang kommt dem Schulprojekt der Wigbertschule zugute: Pfarrer Michel hilft mit den Spenden den ihn anvertrauten Menschen. Dazu geh\u00f6rt die Unterhaltung einer Schule, eines Waisenhauses, aber auch ganz allt\u00e4gliche Dinge wie die Wasserversorgung oder Spielwaren f\u00fcr die Kleinsten. Im Anschluss an die PARADE wird auf dem Schulhof gegrillt.<\/p>\n","protected":false},"excerpt":{"rendered":"<div class=\"tmnf_excerpt\"><p>H\u00fcnfeld. Am Donnerstag, 10. Oktober 2013, veranstaltet die Wigbertschule um 19:30 Uhr eine SchlagerPARADE in ihrer Aula. Der Schulchor \u201eVoice Garden\u201c, das H\u00fcnfelder Kammerorchester an der Wigbertschule, Musikkurse der Jahrgangsstufen 5 und 6 sowie Gesangs- und Instrumentalsolisten pr\u00e4sentieren Hits aus alter und neuer Zeit, f\u00fcr die Ohrwurmgarantie besteht. Der Eintritt zur SchlagerPARADE ist frei. Eine &hellip;<\/p>\n<\/div>","protected":false},"author":1,"featured_media":0,"comment_status":"closed","ping_status":"closed","sticky":false,"template":"","format":"standard","meta":{"footnotes":""},"categories":[1],"tags":[],"class_list":["post-114988","post","type-post","status-publish","format-standard","hentry","category-startseite"],"_links":{"self":[{"href":"https:\/\/www.fuldaernachrichten.de\/index.php?rest_route=\/wp\/v2\/posts\/114988","targetHints":{"allow":["GET"]}}],"collection":[{"href":"https:\/\/www.fuldaernachrichten.de\/index.php?rest_route=\/wp\/v2\/posts"}],"about":[{"href":"https:\/\/www.fuldaernachrichten.de\/index.php?rest_route=\/wp\/v2\/types\/post"}],"author":[{"embeddable":true,"href":"https:\/\/www.fuldaernachrichten.de\/index.php?rest_route=\/wp\/v2\/users\/1"}],"replies":[{"embeddable":true,"href":"https:\/\/www.fuldaernachrichten.de\/index.php?rest_route=%2Fwp%2Fv2%2Fcomments&post=114988"}],"version-history":[{"count":1,"href":"https:\/\/www.fuldaernachrichten.de\/index.php?rest_route=\/wp\/v2\/posts\/114988\/revisions"}],"predecessor-version":[{"id":114989,"href":"https:\/\/www.fuldaernachrichten.de\/index.php?rest_route=\/wp\/v2\/posts\/114988\/revisions\/114989"}],"wp:attachment":[{"href":"https:\/\/www.fuldaernachrichten.de\/index.php?rest_route=%2Fwp%2Fv2%2Fmedia&parent=114988"}],"wp:term":[{"taxonomy":"category","embeddable":true,"href":"https:\/\/www.fuldaernachrichten.de\/index.php?rest_route=%2Fwp%2Fv2%2Fcategories&post=114988"},{"taxonomy":"post_tag","embeddable":true,"href":"https:\/\/www.fuldaernachrichten.de\/index.php?rest_route=%2Fwp%2Fv2%2Ftags&post=114988"}],"curies":[{"name":"wp","href":"https:\/\/api.w.org\/{rel}","templated":true}]}}