{"id":114981,"date":"2013-10-07T00:09:45","date_gmt":"2013-10-07T00:09:45","guid":{"rendered":"http:\/\/www.fuldaer-nachrichten.de\/?p=114981"},"modified":"2013-10-07T06:25:31","modified_gmt":"2013-10-07T06:25:31","slug":"geschichtswettbewerb-des-bundespraesidenten-erfolgreiche-fuldaer-schueler-im-hessischen-landtag-ausgezeichnet","status":"publish","type":"post","link":"https:\/\/www.fuldaernachrichten.de\/?p=114981","title":{"rendered":"Geschichtswettbewerb des Bundespr\u00e4sidenten &#8211; Erfolgreiche Fuldaer Sch\u00fcler im Hessischen Landtag ausgezeichnet"},"content":{"rendered":"<div id=\"attachment_114982\" style=\"width: 570px\" class=\"wp-caption alignnone\"><img fetchpriority=\"high\" decoding=\"async\" aria-describedby=\"caption-attachment-114982\" class=\"size-full wp-image-114982\" alt=\"Von links: Uta Schmitt (Tutorin Rabanus-Maurus-Schule),Theresa Hahner, Peter von Unruh (Direktor des Hessischen Landtags), Jana Heimrich, Johannes Schaum, Dr. Michael Imhof (Zukunft Bildung e.V.,Regionalkoordinator Fulda), Kimberly Novak, Christine Weidner (Tutorin Freiherr-vom-Stein-Schule), Gesine Schlosser \/ Foto: Kerstin B\u00e4nsch PHOTOdesign \" src=\"http:\/\/www.fuldaer-nachrichten.de\/wp-content\/uploads\/2013\/10\/131007_Geschichtswettbewerb.png\" width=\"560\" height=\"360\" \/><p id=\"caption-attachment-114982\" class=\"wp-caption-text\">Von links: Uta Schmitt (Tutorin Rabanus-Maurus-Schule),Theresa Hahner, Peter von Unruh (Direktor des Hessischen Landtags), Jana Heimrich, Johannes Schaum, Dr. Michael Imhof (Zukunft Bildung e.V.,Regionalkoordinator Fulda), Kimberly Novak, Christine Weidner (Tutorin Freiherr-vom-Stein-Schule), Gesine Schlosser \/ Foto: Kerstin B\u00e4nsch PHOTOdesign<\/p><\/div>\n<p>Wiesbaden. Der Hessische Landtag in Wiesbanden , selbst ein geschichtstr\u00e4chtiger Ort, stellte den Rahmen f\u00fcr die Siegerehrung der erfolgreichen \u00c2\u00a0hessischen Teilnehmer am aktuellen Geschichtswettbewerb des Bundespr\u00e4sidenten dar.\u00c2\u00a0 Zum Thema\u00c2\u00a0 \u201eVertraute Fremde. Nachbarn in der Geschichte\u201c haben bundesweit \u00fcber 4.800 Sch\u00fclerinnen und Sch\u00fcler 1.317 Beitr\u00e4ge eingereicht \u2013 gegen\u00fcber dem letzten Wettbewerb eine Steigerung um mehr als 10 Prozent. In Hessen haben sich 290 Kinder und Jugendliche mit 109 Beitr\u00e4gen am Wettbewerb 2012\/2013 beteiligt. Aus der Region Fulda gingen alleine 19 Forschungsbeitr\u00e4ge von 49 Sch\u00fclerinnen und Sch\u00fclern ein.<!--more--><\/p>\n<p>Mit einem Landessieg ausgezeichnet wurde Kimberly Novak von\u00c2\u00a0 der Rabanus-Maurus-Schule Fulda. Die im letzten Schuljahr noch 8-Kl\u00e4sslerin hat sie in ihrem Wettbewerbsbeitrag anhand des wechselvollen Schicksals ihrer Urgro\u00dfmutter, dokumentiert mit eigenen Fotos und Familiendokumenten, eine anschauliche deutsch-tschechische Nachbarschaftsgeschichte nachgezeichnet.\u00c2\u00a0 Kimberly besuchte auf ihrer binationalen Spurensuche die Geburtsstadt ihrer Urgro\u00dfmutter Habatov in Tschechin und das dortige Museum. Dabei stellt die Arbeit- so die Laudatio \u2013 \u201edie Geschichte der Gro\u00dfmutter als gutes Beispiel f\u00fcr die verschiedenen Vorurteile und Konflikte unter Nachbarn heraus\u201c.<\/p>\n<p>Aus der ehemaligen Jahrgangsstufe 10 der Freiherr-vom-Stein-Schule waren Jan Philipp Werlich, \u00c2\u00a0Johannes Schaum und Johannes Dietrich mit einem F\u00f6rderpreis erfolgreich. Auch sie hatten sich von dem Thema Flucht und Vertreibung inspirieren lassen. \u00c4hnlich ging es den jungen Forschertalenten aus der Lichtberg-Gesamtschule in Eiterfeld. Auch Anne Vogel, Stella Mai, Lukas Wiegand und Johannes Stumpf aus der damaligen 9. Klasse\u00c2\u00a0 waren Fragen zur \u201eNachbarschaft mit den Sudetenland-Vertriebenen im H\u00fcnfelder Raum\u201c nachgegangen. Das Schicksal der Juden in W\u00fcstensachsen und die \u201eAuswirkungen des Antisemitismus auf j\u00fcdische Gesch\u00e4fte in W\u00fcstensachsen\u201c bewegten Jana Heimerich, Gesine Schl\u00f6sser und Theresa Hahner aus der ehemaligen 10. Klasse der Freiherr-vom-Stein-Schule, auf Spurensuche zu gehen. Auch sie wurden mit einem F\u00f6rderpreis f\u00fcr ihre Recherchen, ihre Ausdauer und die gelungene Darstellung ihrer Forschungsergebnisse belohnt.<\/p>\n<p>Die Arbeit von Kimberly Novak gelangt in die n\u00e4chste Runde des Wettbewerbs auf Bundesebene. Die f\u00fcnf erfolgreichsten Arbeiten werden von Bundespr\u00e4sident Joachim Gauck im Schloss Bellvue ausgezeichnet. \u00c2\u00a0Auf das Ergebnis k\u00f6nnen wir gespannt sein.<\/p>\n","protected":false},"excerpt":{"rendered":"<div class=\"tmnf_excerpt\"><p>Wiesbaden. Der Hessische Landtag in Wiesbanden , selbst ein geschichtstr\u00e4chtiger Ort, stellte den Rahmen f\u00fcr die Siegerehrung der erfolgreichen \u00c2\u00a0hessischen Teilnehmer am aktuellen Geschichtswettbewerb des Bundespr\u00e4sidenten dar.\u00c2\u00a0 Zum Thema\u00c2\u00a0 \u201eVertraute Fremde. Nachbarn in der Geschichte\u201c haben bundesweit \u00fcber 4.800 Sch\u00fclerinnen und Sch\u00fcler 1.317 Beitr\u00e4ge eingereicht \u2013 gegen\u00fcber dem letzten Wettbewerb eine Steigerung um mehr als &hellip;<\/p>\n<\/div>","protected":false},"author":1,"featured_media":0,"comment_status":"closed","ping_status":"closed","sticky":false,"template":"","format":"standard","meta":{"footnotes":""},"categories":[1,53,29,78],"tags":[],"class_list":["post-114981","post","type-post","status-publish","format-standard","hentry","category-startseite","category-bildung","category-politik","category-topthema"],"_links":{"self":[{"href":"https:\/\/www.fuldaernachrichten.de\/index.php?rest_route=\/wp\/v2\/posts\/114981","targetHints":{"allow":["GET"]}}],"collection":[{"href":"https:\/\/www.fuldaernachrichten.de\/index.php?rest_route=\/wp\/v2\/posts"}],"about":[{"href":"https:\/\/www.fuldaernachrichten.de\/index.php?rest_route=\/wp\/v2\/types\/post"}],"author":[{"embeddable":true,"href":"https:\/\/www.fuldaernachrichten.de\/index.php?rest_route=\/wp\/v2\/users\/1"}],"replies":[{"embeddable":true,"href":"https:\/\/www.fuldaernachrichten.de\/index.php?rest_route=%2Fwp%2Fv2%2Fcomments&post=114981"}],"version-history":[{"count":3,"href":"https:\/\/www.fuldaernachrichten.de\/index.php?rest_route=\/wp\/v2\/posts\/114981\/revisions"}],"predecessor-version":[{"id":114985,"href":"https:\/\/www.fuldaernachrichten.de\/index.php?rest_route=\/wp\/v2\/posts\/114981\/revisions\/114985"}],"wp:attachment":[{"href":"https:\/\/www.fuldaernachrichten.de\/index.php?rest_route=%2Fwp%2Fv2%2Fmedia&parent=114981"}],"wp:term":[{"taxonomy":"category","embeddable":true,"href":"https:\/\/www.fuldaernachrichten.de\/index.php?rest_route=%2Fwp%2Fv2%2Fcategories&post=114981"},{"taxonomy":"post_tag","embeddable":true,"href":"https:\/\/www.fuldaernachrichten.de\/index.php?rest_route=%2Fwp%2Fv2%2Ftags&post=114981"}],"curies":[{"name":"wp","href":"https:\/\/api.w.org\/{rel}","templated":true}]}}