{"id":114972,"date":"2013-10-07T00:15:45","date_gmt":"2013-10-07T00:15:45","guid":{"rendered":"http:\/\/www.fuldaer-nachrichten.de\/?p=114972"},"modified":"2013-10-07T05:43:26","modified_gmt":"2013-10-07T05:43:26","slug":"rententipps-fuer-frauen-arbeitsagentur-und-rentenversicherung-informieren-4","status":"publish","type":"post","link":"https:\/\/www.fuldaernachrichten.de\/?p=114972","title":{"rendered":"Rententipps f\u00fcr Frauen &#8211; Arbeitsagentur und Rentenversicherung informieren"},"content":{"rendered":"<p>Bad Hersfeld. Nach Angaben der Arbeitsagentur in Bad Hersfeld haben interessierte Frauen am 10. Oktober die M\u00f6glichkeit, an einem Vortrag zum Thema Rente teilzunehmen. Das Seminar mit dem Namen \u201eFrauen und Rente\u201c wird von der Agentur aus Anlass einer Vortragsreihe f\u00fcr Frauen angeboten. Inhalte sind die Auswirkungen von Mini-Jobs, Teilzeitbesch\u00e4ftigung und Kindererziehung auf die sp\u00e4tere Rente beziehungsweise auf das Arbeitslosengeld. \u201eTrotz Gleichstellungspolitik und Frauenf\u00f6rderung sind es nach wie vor die Frauen, die ihre Erwerbst\u00e4tigkeit wegen der Kindererziehung oder der Pflege von Angeh\u00f6rigen unterbrechen, einer Teilzeitbesch\u00e4ftigung nachgehen oder einen Minijob aus\u00fcben\u201c, sagt Nadine Kunze, Beauftragte f\u00fcr Chancengleichheit am Arbeitsmarkt. \u201eEs ist deshalb wichtig, sich \u00fcber das eigene Rentenkonto zu informieren und rechtzeitig Vorsorge zu treffen\u201c, so Kunze weiter. Der Vortrag findet von 9 bis 12 Uhr im Gruppenraum des Berufsinformationszentrums der Agentur f\u00fcr Arbeit in Bad Hersfeld statt. Als Referent wird ein Experte der Deutschen Rentenversicherung vor Ort sein. Teilnehmen k\u00f6nnen Frauen aller Alters- und Berufsgruppen, die erwerbst\u00e4tig sind oder sein wollen. Damit effektiv gearbeitet werden kann, ist die Teilnehmerinnenzahl auf 25 Personen begrenzt. Eine schriftliche oder telefonische Anmeldung ist deshalb erforderlich.<!--more--><\/p>\n<p>Kontakt<br \/>\nTel.: 06621 \/ 209 \u2013 200<br \/>\nE-Mail: BadHersfeld-Fulda.BCA@arbeitsagentur.de<\/p>\n","protected":false},"excerpt":{"rendered":"<div class=\"tmnf_excerpt\"><p>Bad Hersfeld. Nach Angaben der Arbeitsagentur in Bad Hersfeld haben interessierte Frauen am 10. Oktober die M\u00f6glichkeit, an einem Vortrag zum Thema Rente teilzunehmen. Das Seminar mit dem Namen \u201eFrauen und Rente\u201c wird von der Agentur aus Anlass einer Vortragsreihe f\u00fcr Frauen angeboten. Inhalte sind die Auswirkungen von Mini-Jobs, Teilzeitbesch\u00e4ftigung und Kindererziehung auf die sp\u00e4tere &hellip;<\/p>\n<\/div>","protected":false},"author":1,"featured_media":0,"comment_status":"closed","ping_status":"closed","sticky":false,"template":"","format":"standard","meta":{"footnotes":""},"categories":[1,53],"tags":[],"class_list":["post-114972","post","type-post","status-publish","format-standard","hentry","category-startseite","category-bildung"],"_links":{"self":[{"href":"https:\/\/www.fuldaernachrichten.de\/index.php?rest_route=\/wp\/v2\/posts\/114972","targetHints":{"allow":["GET"]}}],"collection":[{"href":"https:\/\/www.fuldaernachrichten.de\/index.php?rest_route=\/wp\/v2\/posts"}],"about":[{"href":"https:\/\/www.fuldaernachrichten.de\/index.php?rest_route=\/wp\/v2\/types\/post"}],"author":[{"embeddable":true,"href":"https:\/\/www.fuldaernachrichten.de\/index.php?rest_route=\/wp\/v2\/users\/1"}],"replies":[{"embeddable":true,"href":"https:\/\/www.fuldaernachrichten.de\/index.php?rest_route=%2Fwp%2Fv2%2Fcomments&post=114972"}],"version-history":[{"count":1,"href":"https:\/\/www.fuldaernachrichten.de\/index.php?rest_route=\/wp\/v2\/posts\/114972\/revisions"}],"predecessor-version":[{"id":114973,"href":"https:\/\/www.fuldaernachrichten.de\/index.php?rest_route=\/wp\/v2\/posts\/114972\/revisions\/114973"}],"wp:attachment":[{"href":"https:\/\/www.fuldaernachrichten.de\/index.php?rest_route=%2Fwp%2Fv2%2Fmedia&parent=114972"}],"wp:term":[{"taxonomy":"category","embeddable":true,"href":"https:\/\/www.fuldaernachrichten.de\/index.php?rest_route=%2Fwp%2Fv2%2Fcategories&post=114972"},{"taxonomy":"post_tag","embeddable":true,"href":"https:\/\/www.fuldaernachrichten.de\/index.php?rest_route=%2Fwp%2Fv2%2Ftags&post=114972"}],"curies":[{"name":"wp","href":"https:\/\/api.w.org\/{rel}","templated":true}]}}